{"id":1009,"date":"2021-09-19T20:55:32","date_gmt":"2021-09-19T18:55:32","guid":{"rendered":"https:\/\/histoiresdenosfamilles.wordpress.com\/?p=1009"},"modified":"2021-09-19T20:55:32","modified_gmt":"2021-09-19T18:55:32","slug":"rendez-vous-de-rentree","status":"publish","type":"post","link":"https:\/\/hdnfamillesgenealogie.fr\/index.php\/2021\/09\/19\/rendez-vous-de-rentree\/","title":{"rendered":"Rendez-vous de rentr\u00e9e"},"content":{"rendered":"\n<figure class=\"wp-block-image size-large is-style-rounded\"><img decoding=\"async\" src=\"https:\/\/histoiresdenosfamilles.files.wordpress.com\/2021\/09\/img_20210917_190336.jpg?w=750\" alt=\"\" class=\"wp-image-1007\" \/><\/figure>\n\n\n\n<p>J\u2019ai retrouv\u00e9 ma quantiquette depuis quelques semaines. RAS \u00e0 la r\u00e9vision annuelle et j\u2019en ai profit\u00e9 pour faire installer un GPS nouvelle g\u00e9n\u00e9ration. Aujourd\u2019hui en sus de pouvoir saisir une date, je peux entrer une p\u00e9riode de l\u2019ann\u00e9e. Je vous l\u2019accorde les deux possibilit\u00e9s peuvent manquer d\u2019un peu de pr\u00e9cision, mais \u00e7a pimente le d\u00e9placement.<\/p>\n\n\n\n<p>Nous sommes le 18 septembre 2021, j\u2019ai envie d\u2019aller voir du c\u00f4t\u00e9 des rentr\u00e9es. Apr\u00e8s tout, m\u00eame si la derni\u00e8re, masqu\u00e9e, est termin\u00e9e, cela ne fait que quelques jours.<br>R E N T R E E\u2026 Hum, les touches sont un peu petites\u2026 Allez, on envoie&nbsp;!<\/p>\n\n\n\n<p>J\u2019ai bien pris mon cartable. Ma tenue est un peu voyante. Si je me retrouve dans les ann\u00e9es 1970, \u00e7a fera l\u2019affaire, mais au-del\u00e0, j\u2019ai quelque chose de plus passe-partout dans mon cartable.<\/p>\n\n\n\n<p>D\u00e9j\u00e0 arriv\u00e9e\u00a0? Le trajet n\u2019\u00e9tait pas bien long\u00a0! O\u00f9 suis-je donc\u00a0?<br>Heureusement j\u2019ai atterri dans une courette discr\u00e8te, je vais pouvoir dissimuler ma quantiquette avant de me rendre dans la rue.<br>La pancarte indique que je suis \u00ab\u00a0rue Sainte-Catherine\u00a0\u00bb. Il y a pas mal de passants ici. Certains portent un haut-de-forme. Les quelques dames ont des v\u00eatements qui descendent jusqu\u2019aux chevilles. Leur tenue n\u2019a rien \u00e0 voir avec la mienne, mieux vaut enfiler mon manteau passe-partout, d\u2019autant qu\u2019il ne fait pas tr\u00e8s chaud.<\/p>\n\n\n\n<p>Aussit\u00f4t dit aussit\u00f4t fait, je fais ma sortie.<br>Je vais suivre ces jeunes gens pour savoir o\u00f9 ils vont.<br>Ils tournent \u00e0 droite, nous voici sur une grande place. J\u2019ai bien l\u2019impression que je suis \u00e0 la fin du XIX\u00e8me ou au d\u00e9but du XX\u00e8me si\u00e8cle.<br>On passe sous une grande porte, on traverse une place, tramway \u00e9lectrique\u2026 J\u2019y suis\u00a0: Bordeaux, porte et place d\u2019Aquitaine, place de la Victoire en 2021. Direction l\u2019Universit\u00e9. Bingo\u00a0! Une rentr\u00e9e en fac et pas n\u2019importe laquelle\u00a0: Facult\u00e9 de m\u00e9decine et de pharmacie.<\/p>\n\n\n\n<p>Le b\u00e2timent est superbe, construit par Jean-Louis Pascal, un architecte reconnu, Grand Prix de Rome en 1866. Il a remport\u00e9 le concours ouvert en 1876.<\/p>\n\n\n\n<p>L\u2019horloge de la place sur son grand m\u00e2t indique quatre heures moins le quart.<br>Je suis toujours les \u00e9tudiants et nous entrons dans l\u2019enceinte du b\u00e2timent, inaugur\u00e9 en 1888 par le pr\u00e9sident Sadi Carnot.<br>L\u2019affichage m\u2019est bien utile\u00a0: \u00ab\u00a0S\u00e9ance de rentr\u00e9e, Facult\u00e9 mixte de m\u00e9decine et de pharmacie, lundi 4 novembre 1901, 4 heures de l\u2019apr\u00e8s-midi\u00a0\u00bb.<br>A l\u2019arri\u00e8re du vestibule, \u00e0 droite et \u00e0 gauche de l\u2019atrium, s\u2019ouvrent deux amphith\u00e9\u00e2tres de deux cent cinquante places. Nous gravissons quelques marches et entrons dans celui de droite, destin\u00e9 aux cours th\u00e9oriques. Les calorif\u00e8res ne sont pas encore en marche, mais l\u2019assembl\u00e9e des \u00e9tudiants, tout \u00e0 la joie de se retrouver, r\u00e9chauffe l\u2019atmosph\u00e8re.<\/p>\n\n\n\n<figure class=\"wp-block-image size-large\"><img decoding=\"async\" src=\"https:\/\/histoiresdenosfamilles.files.wordpress.com\/2021\/09\/plan-rdc-fac-medecine-bordeauxcapture-decran-2021-09-18.jpg?w=805\" alt=\"\" class=\"wp-image-1011\" \/><figcaption>Plan du RDC de la Facult\u00e9 de m\u00e9decine de Bordeaux Dr G. Pery BabordNum.fr Capture du 18\/09\/2021 <\/figcaption><\/figure>\n\n\n\n<p>Quand les professeurs p\u00e9n\u00e8trent par une des portes du fond, des vivats retentissent.<br>Ils sont tous l\u00e0, en robe. Mes voisins commentent\u00a0: \u00ab\u00a0Monsieur le doyen NABIAS, avec le maire de Bordeaux, le docteur LANDE.\u00a0\u00bb \u00ab\u00a0Je crois que c\u2019est le recteur BIZOS, \u00e0 c\u00f4t\u00e9 du doyen.\u00a0\u00bb<br>Le doyen, qui pr\u00e9side la s\u00e9ance, prend la parole et imm\u00e9diatement le silence se fait.<br>Le discours est solennel et \u00e9mouvant. Il faut dire qu\u2019il commence par rendre un vibrant hommage aux disparus des derniers mois\u00a0: Mademoiselle NOURRIT, une interne titulaire\u00a0; Monsieur CHEMIN, un professeur, et Monsieur CABOULOT, d\u00e9c\u00e9d\u00e9 des suites d\u2019une piq\u00fbre anatomique, r\u00e9alis\u00e9e pour une expertise \u00e0 Pondich\u00e9ry. Il cite encore le docteur Gabriel PERY, historien et biblioth\u00e9caire de la facult\u00e9, \u00e0 qui l\u2019on doit \u00ab\u00a0l\u2019Histoire de la Facult\u00e9 de m\u00e9decine de Bordeaux et de l\u2019enseignement m\u00e9dical dans cette ville 1441-1888\u00a0\u00bb. Une rue bordelaise porte son nom en notre XXI\u00e8me si\u00e8cle.<br>Le doyen compl\u00e8te la liste des disparus avec le s\u00e9nateur Bernard DUPOUY, bienfaiteur de la Facult\u00e9.<\/p>\n\n\n\n<p>Sur un ton moins grave, il annonce ensuite les arriv\u00e9es comme celle du professeur SIGALAS, titulaire de la chaire de physique pharmaceutique, remercie les partants, cite les r\u00e9compenses obtenues, fait applaudir aux d\u00e9corations.<\/p>\n\n\n\n<p>Le discours du doyen de NABIAS a ensuite les envol\u00e9es lyriques de l\u2019\u00e9poque, quand il parle de la \u00ab&nbsp;contribution de la m\u00e9decine \u00e0 l\u2018\u0153uvre de la colonisation&nbsp;\u00bb, \u00ab&nbsp;\u00e0 l\u2019av\u00e8nement d\u2019une civilisation sup\u00e9rieure, o\u00f9 l\u2019on verra \u00e9clore les id\u00e9es de justice, de bont\u00e9 et de fraternit\u00e9&nbsp;\u00bb.<\/p>\n\n\n\n<p>Le docteur ARNOZAN prend la suite en lisant le rapport du docteur LEFOUR, aphone aujourd\u2019hui.<br>Et puis c\u2019est le palmar\u00e8s&nbsp;: Prix de la Facult\u00e9 pour les premi\u00e8res, deuxi\u00e8mes, troisi\u00e8mes, et quatri\u00e8mes ann\u00e9es. Prix du Conseil g\u00e9n\u00e9ral de la Gironde, de la ville de Bordeaux, prix Godard, prix de la Soci\u00e9t\u00e9 des Amis de l\u2019Universit\u00e9, prix des \u00e9l\u00e8ves sages-femmes. Enfin des jeunes femmes&nbsp;!<br>Et on recommence avec la pharmacie.<br>D\u00e9cid\u00e9ment les femmes ne sont pas nombreuses ici, trois seulement sont cit\u00e9es, toutes sages-femmes.<br>Les laur\u00e9ats re\u00e7oivent une m\u00e9daille d\u2019argent de la Facult\u00e9 ou de vermeil pour le Conseil G\u00e9n\u00e9ral et la ville de Bordeaux. A cette sorte de pi\u00e8ce, de cinq centim\u00e8tres de diam\u00e8tre, s\u2019ajoute une somme d\u2019argent ou des livres. Pour la Facult\u00e9, les prix sont de 100 \u00e0 185 francs, en livres. La ville de Bordeaux et le Conseil G\u00e9n\u00e9ral, plus riches peut-\u00eatre, donnent 300 francs.<br>Un de mes voisins explique \u00e0 un tout jeune \u00e9tudiant que le prix Godard r\u00e9compense le meilleur m\u00e9moire d\u2019anthropologie, tous les deux ans. C\u2019est Ernest GODARD (1826-1862), m\u00e9decin et anthropologue bordelais qui, \u00e0 sa mort, a charg\u00e9 la Soci\u00e9t\u00e9 d\u2019anthropologie de cette mission. Le montant est important cette fois&nbsp;: 2000 francs.<\/p>\n\n\n\n<p>Et puis les prix des th\u00e8ses de l\u2019ann\u00e9e\u00a0:<br>\u00ab\u00a0M\u00e9daille d\u2019or de 100 francs et 400 francs en esp\u00e8ces pour le docteur Joseph-Louis-Ir\u00e9n\u00e9e ABADIE.\u00a0\u00bb<br>\u00ab\u00a0M\u00e9daille d\u2019argent et 100 francs en esp\u00e8ces, docteurs Fran\u00e7ois-Jean-Marie MANINE HITOU et Claude-Fran\u00e7ois MARTIN.\u00a0\u00bb<br>\u00ab\u00a0M\u00e9daille de bronze, docteurs Tony-Georges BOUSSENOT, Pierre-Gaston-Octave BOUVIER\u2026\u00a0\u00bb<\/p>\n\n\n\n<p>Je n\u2019\u00e9coute plus. Pierre-Gaston-Octave BOUVIER.<br>A l\u2019appel de son nom, un jeune homme descend les marches de l\u2019amphith\u00e9\u00e2tre.<br>Je ne le quitte plus des yeux. Il faut absolument que je le rencontre \u00e0 la fin de la c\u00e9r\u00e9monie.<br>Je comprends que je suis ici pour cette raison\u00a0: rencontrer cet oncle de la grand-m\u00e8re de mon mari, Catherine Camille BOUTIN (1904-1986).<br>Quand la lecture du palmar\u00e8s s\u2019ach\u00e8ve, que les \u00e9tudiants se l\u00e8vent et quittent la salle, je me faufile entre eux et le rejoins dans l\u2019atrium.<\/p>\n\n\n\n<p>Je le h\u00e8le&nbsp;: \u00ab&nbsp;Docteur BOUVIER&nbsp;\u00bb<br>Le jeune homme se retourne. Cheveux, sourcils et yeux ch\u00e2tains, nez et bouche moyens, visage ovale et menton rond, la description de sa fiche matricule correspond \u00e0 peu pr\u00e8s. Un m\u00e8tre soixante-dix, je suis d\u2019accord.<\/p>\n\n\n\n<p>\u00ab&nbsp;Bonjour Madame, que puis-je pour vous&nbsp;?&nbsp;\u00bb<br>Pierre BOUVIER me r\u00e9pond tr\u00e8s aimablement.<br>Je ne peux d\u00e9cemment pas lui dire tout \u00e0 trac d\u2019o\u00f9 je viens. Je d\u00e9cide de travestir un peu les choses.<\/p>\n\n\n\n<p>\u00ab&nbsp;Bonjour Docteur, l\u2019un de vos condisciples vient de me dire que vous avez \u00e9t\u00e9 \u00e9l\u00e8ve au lyc\u00e9e de gar\u00e7ons. Comme beaucoup, j\u2019h\u00e9site \u00e0 y scolariser mon plus jeune fils. Recommandez-vous cet \u00e9tablissement&nbsp;?&nbsp;\u00bb<\/p>\n\n\n\n<p>Je cherchai \u00e0 engager la conversation, je ne suis pas d\u00e9\u00e7ue. Pierre BOUVIER me raconte par le menu ses ann\u00e9es de lyc\u00e9en dans l&rsquo;\u00e9tablissement qui est devenu le lyc\u00e9e Montaigne, me semble-t-il. <br>Comment il a remport\u00e9 de nombreux prix, d\u2019abord en troisi\u00e8me B, en versions latine et grecque, en th\u00e8me latin, en math\u00e9matiques et en r\u00e9citation.<\/p>\n\n\n\n<p>Il poursuit : \u00ab\u00a0L\u2019ann\u00e9e suivante, j\u2019ai moins brill\u00e9, premier prix en math\u00e9matiques seulement. J\u2019ai pass\u00e9 d\u2019excellentes ann\u00e9es l\u00e0-bas et j\u2019ai \u00e9t\u00e9 parfaitement pr\u00e9par\u00e9 \u00e0 mes \u00e9tudes de m\u00e9decine. D\u2019ailleurs j\u2019ai obtenu la m\u00e9daille d\u2019argent \u00e0 la fin de ma 1<sup>\u00e8re<\/sup> ann\u00e9e de m\u00e9decine, puis en 1897 et en 1900 le prix de la ville de Bordeaux.<br>Venez, je vais vous montrer les b\u00e2timents du lyc\u00e9e, ce n\u2019est pas tr\u00e8s loin d\u2019ici.\u00a0\u00bb<\/p>\n\n\n\n<p>Nous quittons la place d\u2019Aquitaine, prenons la rue Sainte-Catherine, \u00e0 l&rsquo;entr\u00e9e de laquelle j\u2019ai cach\u00e9 ma quantiquette. Deux cent cinquante m\u00e8tres et effectivement nous sommes d\u00e9j\u00e0 devant le lyc\u00e9e. Pierre m\u2019entra\u00eene ensuite place Gambetta. Son p\u00e8re y est propri\u00e9taire d\u2019une pharmacie au num\u00e9ro 11.<br>Je crois bien qu\u2019elle existe encore cent vingt ans plus tard.<\/p>\n\n\n\n<p>Puis il veut pousser jusqu\u2019au boulevard du Tondu o\u00f9 il r\u00e9side \u00e0 pr\u00e9sent. Il s\u2019y est install\u00e9 avec sa jeune \u00e9pouse, Marie Madeleine LASALLE, la fille du docteur LASALLE de Lormont (Gironde). Ils vont f\u00eater leurs deux mois de mariage demain, le 5 septembre 1901.<\/p>\n\n\n\n<p>Quelle ann\u00e9e fructueuse pour lui\u00a0! Il a soutenu sa th\u00e8se le 18 juillet dernier avec pour th\u00e8me \u00ab\u00a0les fibromes de l\u2019ut\u00e9rus intra-ligamentaires\u00a0\u00bb et voil\u00e0 qu\u2019il remporte la m\u00e9daille de bronze.<\/p>\n\n\n\n<div class=\"wp-block-image\"><figure class=\"aligncenter size-large\"><img decoding=\"async\" src=\"https:\/\/histoiresdenosfamilles.files.wordpress.com\/2021\/09\/these-medecine-bouvier-pierre-pdgcapture-decran-2021-09-18.jpg?w=440\" alt=\"\" class=\"wp-image-1014\" \/><figcaption>Page de garde de la Th\u00e8se de m\u00e9decine de BOUVIER Pierre BabordNum.fr <br>Capture d\u2019\u00e9cran 2021-09-18<\/figcaption><\/figure><\/div>\n\n\n\n<p>Le temps passe vite \u00e0 deviser ainsi. <br>Chemin faisant nous avons regagn\u00e9 la porte d\u2019Aquitaine. Il est tard, il me faut prendre cong\u00e9 \u00e0 regret. Je promets \u00e0 Pierre BOUVIER de lui donner des nouvelles de mon fils, je m\u2019\u00e9loigne dans la p\u00e9nombre qui a maintenant gagn\u00e9 les rues bordelaises malgr\u00e9 les cand\u00e9labres allum\u00e9s plus t\u00f4t.<\/p>\n\n\n\n<p>J\u2019enfourche \u00e0 la h\u00e2te ma quantiquette, retour vers 2021, je ne sais pas \u00e0 quelle heure je vais revenir.<\/p>\n\n\n\n<p>Quantiquette remis\u00e9e dans son sac, coup d\u2019\u0153il rapide \u00e0 mon t\u00e9l\u00e9phone portable, fl\u00fbte j\u2019ai rat\u00e9 la publication de ce #RDVAncestral, c&rsquo;est d\u00e9j\u00e0 dimanche, le 19 septembre 2021, 19 heures.<\/p>\n\n\n\n<p class=\"has-small-font-size\"><em>Sources\u00a0:<br>Anne RICHARD-BAZIRE, \u00ab La facult\u00e9 de m\u00e9decine et de pharmacie de Bordeaux par Jean-Louis Pascal (1876-1888 et 1902-1922) \u00bb, Livraisons de l&rsquo;histoire de l&rsquo;architecture [En ligne], 13 | 2007, mis en ligne le 10 juin 2007, consult\u00e9 le 07 mai 2019. URL : http:\/\/journals.openedition.org\/lha\/414 ; DOI : 10.4000\/lha.414<br>Histoire de la facult\u00e9 de m\u00e9decine de Bordeaux et de l\u2019enseignement m\u00e9dical dans cette ville 1441-1888 publi\u00e9 sous les auspices du Conseil g\u00e9n\u00e9ral des Facult\u00e9s de Bordeaux par le Docteur G. PERY, In BabordNum.fr<br>La Petite Gironde du 5 novembre 1901, in Retronews<br>M\u00e9dailles de Prix des \u00c9coles et des Facult\u00e9s mixtes de M\u00e9decine et de Pharmacie, Fr\u00e9d\u00e9ric Bont\u00e9, Revue d&rsquo;Histoire de la Pharmacie Ann\u00e9e 1992 292 pp. 19-25, in Pers\u00e9e<br>Bulletin de la Soci\u00e9t\u00e9 d\u2019anthropologie de Paris, 1<sup>er<\/sup> janvier 1865, In Gallica.<br><a href=\"https:\/\/www.persee.fr\/doc\/inrp_0000-0000_2005_act_28_1_9268\">La crise des lyc\u00e9es de gar\u00e7ons \u00e0 la fin du XIXe si\u00e8cle Le point de vue et les propositions des recteurs d&rsquo;acad\u00e9mie Jean-Fran\u00e7ois Condette<\/a>, Publications de l&rsquo;Institut national de recherche p\u00e9dagogique Ann\u00e9e 2005 28 pp. 427-442.<\/em><\/p>\n","protected":false},"excerpt":{"rendered":"<p>J\u2019ai retrouv\u00e9 ma quantiquette depuis quelques semaines. RAS \u00e0 la r\u00e9vision annuelle et j\u2019en ai profit\u00e9 pour faire installer un GPS nouvelle g\u00e9n\u00e9ration. Aujourd\u2019hui en sus de pouvoir saisir une date, je peux entrer une p\u00e9riode de l\u2019ann\u00e9e. Je vous l\u2019accorde les deux possibilit\u00e9s peuvent manquer d\u2019un peu de pr\u00e9cision, mais \u00e7a pimente le d\u00e9placement.&hellip; <a class=\"more-link\" href=\"https:\/\/hdnfamillesgenealogie.fr\/index.php\/2021\/09\/19\/rendez-vous-de-rentree\/\">Poursuivre la lecture <span class=\"screen-reader-text\">Rendez-vous de rentr\u00e9e<\/span><\/a><\/p>\n","protected":false},"author":1,"featured_media":0,"comment_status":"open","ping_status":"open","sticky":false,"template":"","format":"standard","meta":{"advanced_seo_description":"","jetpack_seo_html_title":"","jetpack_seo_noindex":false,"jetpack_post_was_ever_published":false,"_jetpack_newsletter_access":"","_jetpack_dont_email_post_to_subs":false,"_jetpack_newsletter_tier_id":0,"_jetpack_memberships_contains_paywalled_content":false,"_jetpack_memberships_contains_paid_content":false,"footnotes":""},"categories":[13,1],"tags":[],"class_list":["post-1009","post","type-post","status-publish","format-standard","hentry","category-marzin","category-non-classe","entry"],"jetpack_featured_media_url":"","jetpack_sharing_enabled":true,"_links":{"self":[{"href":"https:\/\/hdnfamillesgenealogie.fr\/index.php\/wp-json\/wp\/v2\/posts\/1009","targetHints":{"allow":["GET"]}}],"collection":[{"href":"https:\/\/hdnfamillesgenealogie.fr\/index.php\/wp-json\/wp\/v2\/posts"}],"about":[{"href":"https:\/\/hdnfamillesgenealogie.fr\/index.php\/wp-json\/wp\/v2\/types\/post"}],"author":[{"embeddable":true,"href":"https:\/\/hdnfamillesgenealogie.fr\/index.php\/wp-json\/wp\/v2\/users\/1"}],"replies":[{"embeddable":true,"href":"https:\/\/hdnfamillesgenealogie.fr\/index.php\/wp-json\/wp\/v2\/comments?post=1009"}],"version-history":[{"count":0,"href":"https:\/\/hdnfamillesgenealogie.fr\/index.php\/wp-json\/wp\/v2\/posts\/1009\/revisions"}],"wp:attachment":[{"href":"https:\/\/hdnfamillesgenealogie.fr\/index.php\/wp-json\/wp\/v2\/media?parent=1009"}],"wp:term":[{"taxonomy":"category","embeddable":true,"href":"https:\/\/hdnfamillesgenealogie.fr\/index.php\/wp-json\/wp\/v2\/categories?post=1009"},{"taxonomy":"post_tag","embeddable":true,"href":"https:\/\/hdnfamillesgenealogie.fr\/index.php\/wp-json\/wp\/v2\/tags?post=1009"}],"curies":[{"name":"wp","href":"https:\/\/api.w.org\/{rel}","templated":true}]}}