{"id":1109,"date":"2021-11-05T08:30:16","date_gmt":"2021-11-05T07:30:16","guid":{"rendered":"https:\/\/histoiresdenosfamilles.wordpress.com\/?p=1109"},"modified":"2021-11-05T08:30:16","modified_gmt":"2021-11-05T07:30:16","slug":"ecole","status":"publish","type":"post","link":"https:\/\/hdnfamillesgenealogie.fr\/index.php\/2021\/11\/05\/ecole\/","title":{"rendered":"\u00c9cole"},"content":{"rendered":"\n<p>Aujourd\u2019hui pour le E de mon #ChallengeAZ, on parle \u00c9cole.<\/p>\n\n\n\n<p>En France, les lois dites Jules Ferry des 16 juin 1881 et 28 mars 1882 instituent l\u2019instruction obligatoire la\u00efque et gratuite pour les enfants des deux sexes entre six et treize ans r\u00e9volus (1).<\/p>\n\n\n\n<p>Parmi mes Sosas, C\u00e9lestin \u00ab\u00a0Ernest\u00a0\u00bb Fernand MILLIARD (1909-1997), mon grand-p\u00e8re maternel, est le seul \u00e0 avoir d\u00e9but\u00e9 sa scolarit\u00e9 pendant la Grande Guerre.<br>N\u00e9 \u00e0 Velars-sur-Ouche (C\u00f4te-d\u2019Or) le 9 mars 1909, il est le fils de George Fran\u00e7ois Victor MILLIARD et d\u2019Am\u00e9lie Marguerite BRAULT.<br>Ses parents r\u00e9sident d\u00e9j\u00e0 \u00e0 Wassy (Haute-Marne) avant-guerre, mais il semble qu\u2019Am\u00e9lie et Ernest passent une partie de la p\u00e9riode \u00e0 Nogent (Haute-Marne), dans la famille de Georges.<br>C\u2019est donc \u00e0 Nogent que mon grand-p\u00e8re MILLIARD a \u00e9t\u00e9 scolaris\u00e9, \u00e0 Nogent-Haut ou \u00e0 Nogent-Bas, je ne sais le dire.<\/p>\n\n\n\n<p>D\u00e8s septembre 1914, \u00e0 la demande de l\u2019Inspecteur d\u2019Acad\u00e9mie, les instituteurs et institutrices, qui ne sont pas mobilis\u00e9s, \u00e9crivent une fiche de guerre. Ces documents ne portent pas sur l\u2019\u00c9cole mais sur des sujets d\u00e9termin\u00e9s par l\u2019administration\u00a0: Comment la mobilisation s\u2019est effectu\u00e9e\u00a0? Comment l\u2019administration s\u2019est reconstitu\u00e9e\u00a0? L\u2019ordre public, la vie \u00e9conomique, l\u2019assistance\u2026<\/p>\n\n\n\n<p>Certains enseignants respecteront \u00e0 la lettre les consignes comme \u00e0 Nogent, d\u2019autres enverront une fiche avec la simple mention qu\u2019ils ne l\u2019ont pas tenue. Ainsi C. DIMEY note&nbsp;: \u00ab&nbsp;Pas de fiche de guerre \u00e0 Ageville (Haute-Marne).<\/p>\n\n\n\n<p>A Nogent-Le-Haut, Mademoiselle HENRY, Directrice de l\u2019\u00c9cole des Filles et Monsieur BILLIARD, Directeur de l\u2019\u00c9cole des Gar\u00e7ons sont plus bavards et consacrent m\u00eame un point aux enfants\u00a0:<\/p>\n\n\n\n<p><em>\u00ab\u00a0Enfants-garderies<br>La municipalit\u00e9, tout d\u2019abord, n\u2019a pas jug\u00e9 \u00e0 propos d\u2019organiser classes de vacances et garderies.<br>Durant vacances 1915, garderie \u00e0 Nogent-le-Bas (service assur\u00e9 par personnel des deux sections, Haut et Bas sauf directeur et directrice, l\u2019un \u00e9tant employ\u00e9 \u00e0 la mairie, l\u2019autre s\u2019occupant des \u0152uvres de guerres.\u00a0\u00bb<\/em><\/p>\n\n\n\n<p>Leur coll\u00e8gue de Nogent-Le-Bas reprend et d\u00e9veloppe\u00a0:<\/p>\n\n\n\n<figure class=\"wp-block-image size-large\"><img decoding=\"async\" src=\"https:\/\/histoiresdenosfamilles.files.wordpress.com\/2021\/11\/nogent-le-bas-capture-decran-2021-11-03-090755.png?w=918\" alt=\"\" class=\"wp-image-1112\" \/><figcaption>Fiche de guerre AD 52 Canton de Nogent Cote:246 T 8 Nogent-Le-Bas<br>Capture d\u2019\u00e9cran 2021-11-03<\/figcaption><\/figure>\n\n\n\n<p><em>\u00ab\u00a0Enfants-garderies<br>Mes coll\u00e8gues et moi \u00e9tions pr\u00eats \u00e0 organiser une garderie pendant les vacances, mais la municipalit\u00e9 ne crut pas devoir solliciter notre concours \u00e0 cet effet. Il est de fait que les ateliers de femmes se trouvant ferm\u00e9s, les mamans avaient toute latitude pour garder leurs enfants. D\u2019autre part, les instituteurs furent occup\u00e9s \u00e0 la mairie, ils furent appel\u00e9s \u00e0 remplacer le secr\u00e9taire mobilis\u00e9 d\u00e8s les premiers jours. Enfin, l\u2019Ecole maternelle fut transform\u00e9e en ambulance d\u00e8s la premi\u00e8re heure de la d\u00e9claration de guerre, c\u2019\u00e9tait d\u2019ailleurs le local qui se pr\u00eatait le mieux \u00e0 une garderie.<br>Il est bon d\u2019ajouter que les enfants, sentant sans doute, ma\u00eetres et ma\u00eetresses pr\u00e9sents dans la localit\u00e9, se conduisirent assez convenablement.<br>Aux vacances de 1916, un essai fut n\u00e9anmoins tent\u00e9. A tour de r\u00f4le, ma\u00eetres et ma\u00eetresses s\u2019employ\u00e8rent de leur mieux \u00e0 garder les enfants de 4 \u00e0 13 ans. Une cinquantaine \u00e0 peine, purent \u00eatre group\u00e9s.<br>Les autres allaient glaner ou ramasser du bois mort ou m\u00eame vagabondaient.<br>L\u2019exp\u00e9rience fut si peu encourageante qu\u2019elle ne fut pas renouvel\u00e9e.\u00a0\u00bb<\/em><\/p>\n\n\n\n<p>Pour les enseignants, la Grande Guerre a \u00e9t\u00e9 tr\u00e8s meurtri\u00e8re. Voici comment se termine la fiche de guerre de Nogent-Le-Haut&nbsp;:<\/p>\n\n\n\n<p><em>\u00ab\u00a0L\u2019\u00e9cole de gar\u00e7ons de Nogent-le-Haut, a vu tomber quatre de ses ma\u00eetres et anciens ma\u00eetres.<br>Messieurs<br>Mor Abel Sous lieutenant tu\u00e9 \u00e0 Plaines (Alsace) le 14 ao\u00fbt 1914.<br>Marcout Marcel tu\u00e9 \u00e0 Carency le 9 mai 1915.<br>Aubert Louis, caporal, tu\u00e9 \u00e0 Notre-Dame de Lorette le 16 juin 1915.<br>Richard Maurice sergent tu\u00e9 \u00e0 Mussy-sur-Seine le 20 octobre 1917.<\/em><\/p>\n\n\n\n<p><em>L\u2019\u00e9cole de Nogent-le-Bas a perdu Monsieur S\u00e9rieix instituteur au d\u00e9but de la guerre \u00e0 Ch\u00e2teauvillain.\u00a0\u00bb<\/em><\/p>\n\n\n\n<p>J\u2019ai d\u00e9couvert les fiches de guerre des instituteurs via le Centre G\u00e9n\u00e9alogique de la Haute-Marne (CG52) qui en a effectu\u00e9 une retranscription t\u00e9l\u00e9chargeable par les adh\u00e9rents. Vous pouvez bien s\u00fbr trouver les fichiers num\u00e9ris\u00e9s sur le site des AD52.<\/p>\n\n\n\n<p>Et puis pour le premier article de ce challenge, Jean-Marc HIDIER m\u2019a adress\u00e9 un commentaire avec l\u2019adresse de son blog. Aujourd\u2019hui je ne peux que partager cette adresse avec vous, puisque nous sommes en plein dans le sujet&nbsp;: <a href=\"https:\/\/instituteurs14-18.blog4ever.com\/\">https:\/\/instituteurs14-18.blog4ever.com\/<\/a><\/p>\n","protected":false},"excerpt":{"rendered":"<p>Aujourd\u2019hui pour le E de mon #ChallengeAZ, on parle \u00c9cole. En France, les lois dites Jules Ferry des 16 juin 1881 et 28 mars 1882 instituent l\u2019instruction obligatoire la\u00efque et gratuite pour les enfants des deux sexes entre six et treize ans r\u00e9volus (1). Parmi mes Sosas, C\u00e9lestin \u00ab\u00a0Ernest\u00a0\u00bb Fernand MILLIARD (1909-1997), mon grand-p\u00e8re maternel,&hellip; <a class=\"more-link\" href=\"https:\/\/hdnfamillesgenealogie.fr\/index.php\/2021\/11\/05\/ecole\/\">Poursuivre la lecture <span class=\"screen-reader-text\">\u00c9cole<\/span><\/a><\/p>\n","protected":false},"author":1,"featured_media":0,"comment_status":"open","ping_status":"open","sticky":false,"template":"","format":"standard","meta":{"advanced_seo_description":"","jetpack_seo_html_title":"","jetpack_seo_noindex":false,"jetpack_post_was_ever_published":false,"_jetpack_newsletter_access":"","_jetpack_dont_email_post_to_subs":false,"_jetpack_newsletter_tier_id":0,"_jetpack_memberships_contains_paywalled_content":false,"_jetpack_memberships_contains_paid_content":false,"footnotes":""},"categories":[2,4,10,15],"tags":[],"class_list":["post-1109","post","type-post","status-publish","format-standard","hentry","category-cg52","category-challengeaz2021","category-haute-marne","category-milliard","entry"],"jetpack_featured_media_url":"","jetpack_sharing_enabled":true,"_links":{"self":[{"href":"https:\/\/hdnfamillesgenealogie.fr\/index.php\/wp-json\/wp\/v2\/posts\/1109","targetHints":{"allow":["GET"]}}],"collection":[{"href":"https:\/\/hdnfamillesgenealogie.fr\/index.php\/wp-json\/wp\/v2\/posts"}],"about":[{"href":"https:\/\/hdnfamillesgenealogie.fr\/index.php\/wp-json\/wp\/v2\/types\/post"}],"author":[{"embeddable":true,"href":"https:\/\/hdnfamillesgenealogie.fr\/index.php\/wp-json\/wp\/v2\/users\/1"}],"replies":[{"embeddable":true,"href":"https:\/\/hdnfamillesgenealogie.fr\/index.php\/wp-json\/wp\/v2\/comments?post=1109"}],"version-history":[{"count":0,"href":"https:\/\/hdnfamillesgenealogie.fr\/index.php\/wp-json\/wp\/v2\/posts\/1109\/revisions"}],"wp:attachment":[{"href":"https:\/\/hdnfamillesgenealogie.fr\/index.php\/wp-json\/wp\/v2\/media?parent=1109"}],"wp:term":[{"taxonomy":"category","embeddable":true,"href":"https:\/\/hdnfamillesgenealogie.fr\/index.php\/wp-json\/wp\/v2\/categories?post=1109"},{"taxonomy":"post_tag","embeddable":true,"href":"https:\/\/hdnfamillesgenealogie.fr\/index.php\/wp-json\/wp\/v2\/tags?post=1109"}],"curies":[{"name":"wp","href":"https:\/\/api.w.org\/{rel}","templated":true}]}}