{"id":1117,"date":"2021-11-06T08:58:26","date_gmt":"2021-11-06T07:58:26","guid":{"rendered":"https:\/\/histoiresdenosfamilles.wordpress.com\/?p=1117"},"modified":"2021-11-06T08:58:26","modified_gmt":"2021-11-06T07:58:26","slug":"famille-paternelle-pendant-la-grande-guerre","status":"publish","type":"post","link":"https:\/\/hdnfamillesgenealogie.fr\/index.php\/2021\/11\/06\/famille-paternelle-pendant-la-grande-guerre\/","title":{"rendered":"Famille paternelle pendant la Grande Guerre"},"content":{"rendered":"\n<p>Pour clore cette premi\u00e8re semaine du #ChallengeAZ 2021, la lettre F comme Famille.<\/p>\n\n\n\n<figure class=\"wp-block-image size-large\"><img decoding=\"async\" src=\"https:\/\/histoiresdenosfamilles.files.wordpress.com\/2021\/11\/challenge-az-2021.png?w=600\" alt=\"\" class=\"wp-image-1091\" \/><\/figure>\n\n\n\n<p>14-18, la Grande Guerre, mes grands-parents \u00e9taient enfants, ou b\u00e9b\u00e9s, et ce sont leurs p\u00e8res qui l\u2019ont faite, leurs m\u00e8res qui l\u2019ont subie avec eux.<\/p>\n\n\n\n<p>C\u00f4t\u00e9 paternel, Marius PORTE et Andr\u00e9e CINET naissent tous deux pendant la guerre.<\/p>\n\n\n\n<p>Marius PORTE est le dernier d\u2019une fratrie de six gar\u00e7ons et une fille. Paul, l\u2019ain\u00e9 a 14 ans quand la guerre est d\u00e9clar\u00e9e, Marius na\u00eet le 20 mars 1915 \u00e0 Vaux-sur-Blaise (Haute-Marne). Il est le seul enfant d\u2019Octave et L\u00e9onie \u00e0 venir au monde pendant la guerre.<\/p>\n\n\n\n<p>Son p\u00e8re, Eug\u00e8ne \u00ab Octave \u00bb PORTE n\u2019a probablement pas \u00e9t\u00e9 mobilis\u00e9. Il est n\u00e9 en 1873 et m\u00eame si les plus \u00e2g\u00e9s des poilus sont n\u00e9s en 1867, il n\u2019y a aucune trace de fiche matricule pour cet arri\u00e8re-grand-p\u00e8re. Au recensement militaire il fait valoir qu\u2019il boite, et le conseil de r\u00e9vision l\u2019exempte au motif que sa jambe droite est atrophi\u00e9e.<\/p>\n\n\n\n<p>Eug\u00e8ne \u00ab Octave \u00bb PORTE et Marie \u00ab L\u00e9onie \u00bb CONSTANTIN se marient le 5 avril 1899 \u00e0 Bailly-aux-Forges (52), le village de L\u00e9onie. Ils ont 25 et 24 ans.<\/p>\n\n\n\n<p>Octave est le second de la fratrie, avec deux s\u0153urs, Am\u00e9lie Octavie (1872) et Marie Octavie (1880-1889). Il est probable qu\u2019Am\u00e9lie Octavie est d\u00e9c\u00e9d\u00e9e avant 1876. Elle n\u2019appara\u00eet dans aucun recensement \u00e0 partir de cette date, mais il n\u2019y a pas d\u2019acte de d\u00e9c\u00e8s \u00e0 son nom.<\/p>\n\n\n\n<p>Peu de combattants de la Grande Guerre de ce c\u00f4t\u00e9. Les fils d\u2019Eug\u00e8ne \u00ab Octave \u00bb \u00e9taient trop jeunes pour y participer, mais n\u2019ont pas \u00e9chapp\u00e9 \u00e0 la Seconde Guerre Mondiale.<\/p>\n\n\n\n<p>C\u2019est malgr\u00e9 tout le mari de Marie \u00ab Jeanne \u00bb Am\u00e9lie PORTE, la s\u0153ur de mon grand-p\u00e8re, qui est le plus jeune combattant de sa g\u00e9n\u00e9ration et ainsi de nos familles. N\u00e9 le 1er octobre 1899, Georges Andr\u00e9 DESCHANET est incorpor\u00e9 le 20 avril 1918. Il passe 6 mois au front au sein des 120e puis 121e R\u00e9giment d\u2019Artillerie Lourde. Ensuite affect\u00e9 \u00e0 diff\u00e9rents trains des \u00e9quipages militaires, il sera \u00abrenvoy\u00e9 dans ses foyers le 25 mars 1921\u00bb, \u00e0 la fin de son service militaire actif.<\/p>\n\n\n\n<p>La m\u00e8re de Marius PORTE, Marie \u00ab L\u00e9onie \u00bb CONSTANTIN, a de nombreux fr\u00e8res et s\u0153urs. Deux gar\u00e7ons, sept filles dans la famille. N\u00e9e en 1874, elle est la plus jeune. Son fr\u00e8re L\u00e9on Virgile ne v\u00e9cut que quelques semaines. Les maris de ses s\u0153urs, lib\u00e9r\u00e9s de leurs obligations militaires, n\u2019\u00e9taient pas mobilisables en 1914, \u00e0 l\u2019exception d\u2019Auguste GUIBOURT, rappel\u00e9 \u00e0 44 ans le 1er aout. Finalement il est r\u00e9form\u00e9 le 9 ao\u00fbt pour \u00ab varices et hernie \u00bb.<\/p>\n\n\n\n<p>Pour Paul Anatole Ernest CONSTANTIN (1872-1945), une campagne contre l\u2019Allemagne tr\u00e8s br\u00e8ve, \u00e0 la diff\u00e9rence du second fr\u00e8re de Marie \u00ab L\u00e9onie \u00bb. Il avait b\u00e9n\u00e9fici\u00e9 d\u2019une lib\u00e9ration au bout d\u2019un an de service militaire, parce qu\u2019il \u00e9tait l\u2019a\u00een\u00e9 des fils d\u2019une famille d\u2019au moins sept enfants.<\/p>\n\n\n\n<p>Il est \u00e9videmment mobilis\u00e9 en 1914. Paul est au front entre le 4 ao\u00fbt 1914 et le 11 avril 1916, puis il est d\u00e9tach\u00e9 \u00e0 l\u2019atelier de construction de Bourges jusqu\u2019au 14 septembre 1917 et enfin d\u00e9tach\u00e9 agricole jusqu\u2019au 15 janvier 1919.<\/p>\n\n\n\n<p>Andr\u00e9e CINET (1918-2008), ma grand-m\u00e8re paternelle est le second enfant d\u2019Alcide Louis Alphonse et de Marie Ad\u00e8le \u00ab Denise \u00bb LEGRAND (1882-1954). Elle na\u00eet le 19 ao\u00fbt 1918 \u00e0 Bailly-aux-Forges (Haute-Marne), son fr\u00e8re a\u00een\u00e9, Henri, en 1911.<\/p>\n\n\n\n<p>Alcide Louis Alphonse CINET (1882-1954), reconnu soutien de famille, ne fera qu\u2019une ann\u00e9e de service militaire. Il a d\u00e9j\u00e0 31 ans quand \u00e9clate la guerre et son fils Henri en a trois.<br>Alcide est d\u2019origine belge, par son p\u00e8re Paul CINET (1844-1915). Alcide est lui n\u00e9 \u00e0 Domblain, berceau de la famille de Marie \u00ab Agla\u00e9 \u00bb LALIN (1854- ?), sa m\u00e8re.<br>Il est le seul gar\u00e7on des trois enfants de Paul et Agla\u00e9, benjamin d\u2019Edma et Ang\u00e9line.<\/p>\n\n\n\n<p>Des beaux-fr\u00e8res d\u2019Alcide, seul Th\u00e9odore \u00ab Gaston \u00bb DESCURIAUX, second mari d\u2019Ang\u00e9line Emilienne CINET a \u00e9t\u00e9 combattant de la Grande Guerre. Par ailleurs, il \u00e9tait sapeur-pompier ce qui lui a valu d\u2019\u00eatre dispens\u00e9 d\u2019une p\u00e9riode d\u2019exercice militaire en 1914. Il avait accompli en 1906 une premi\u00e8re p\u00e9riode d\u2019une semaine de \u00abman\u0153uvres avec un cheval\u00bb.<\/p>\n\n\n\n<p>La m\u00e8re d\u2019Andr\u00e9e CINET, Marie Ad\u00e8le \u00ab Denise \u00bb LEGRAND (1881-1961) a eu deux fr\u00e8res poilus : Louis Fran\u00e7ois Joseph On\u00e9sime et Am\u00e9d\u00e9e Narcisse.<br>Je vous parlerai d\u2019eux dans un prochain article.<\/p>\n","protected":false},"excerpt":{"rendered":"<p>Pour clore cette premi\u00e8re semaine du #ChallengeAZ 2021, la lettre F comme Famille. 14-18, la Grande Guerre, mes grands-parents \u00e9taient enfants, ou b\u00e9b\u00e9s, et ce sont leurs p\u00e8res qui l\u2019ont faite, leurs m\u00e8res qui l\u2019ont subie avec eux. C\u00f4t\u00e9 paternel, Marius PORTE et Andr\u00e9e CINET naissent tous deux pendant la guerre. Marius PORTE est le&hellip; <a class=\"more-link\" href=\"https:\/\/hdnfamillesgenealogie.fr\/index.php\/2021\/11\/06\/famille-paternelle-pendant-la-grande-guerre\/\">Poursuivre la lecture <span class=\"screen-reader-text\">Famille paternelle pendant la Grande Guerre<\/span><\/a><\/p>\n","protected":false},"author":1,"featured_media":0,"comment_status":"open","ping_status":"open","sticky":false,"template":"","format":"standard","meta":{"advanced_seo_description":"","jetpack_seo_html_title":"","jetpack_seo_noindex":false,"jetpack_post_was_ever_published":false,"_jetpack_newsletter_access":"","_jetpack_dont_email_post_to_subs":false,"_jetpack_newsletter_tier_id":0,"_jetpack_memberships_contains_paywalled_content":false,"_jetpack_memberships_contains_paid_content":false,"footnotes":""},"categories":[4,9,10,16],"tags":[],"class_list":["post-1117","post","type-post","status-publish","format-standard","hentry","category-challengeaz2021","category-cinet","category-haute-marne","category-porte","entry"],"jetpack_featured_media_url":"","jetpack_sharing_enabled":true,"_links":{"self":[{"href":"https:\/\/hdnfamillesgenealogie.fr\/index.php\/wp-json\/wp\/v2\/posts\/1117","targetHints":{"allow":["GET"]}}],"collection":[{"href":"https:\/\/hdnfamillesgenealogie.fr\/index.php\/wp-json\/wp\/v2\/posts"}],"about":[{"href":"https:\/\/hdnfamillesgenealogie.fr\/index.php\/wp-json\/wp\/v2\/types\/post"}],"author":[{"embeddable":true,"href":"https:\/\/hdnfamillesgenealogie.fr\/index.php\/wp-json\/wp\/v2\/users\/1"}],"replies":[{"embeddable":true,"href":"https:\/\/hdnfamillesgenealogie.fr\/index.php\/wp-json\/wp\/v2\/comments?post=1117"}],"version-history":[{"count":0,"href":"https:\/\/hdnfamillesgenealogie.fr\/index.php\/wp-json\/wp\/v2\/posts\/1117\/revisions"}],"wp:attachment":[{"href":"https:\/\/hdnfamillesgenealogie.fr\/index.php\/wp-json\/wp\/v2\/media?parent=1117"}],"wp:term":[{"taxonomy":"category","embeddable":true,"href":"https:\/\/hdnfamillesgenealogie.fr\/index.php\/wp-json\/wp\/v2\/categories?post=1117"},{"taxonomy":"post_tag","embeddable":true,"href":"https:\/\/hdnfamillesgenealogie.fr\/index.php\/wp-json\/wp\/v2\/tags?post=1117"}],"curies":[{"name":"wp","href":"https:\/\/api.w.org\/{rel}","templated":true}]}}