{"id":1120,"date":"2021-11-08T06:00:00","date_gmt":"2021-11-08T05:00:00","guid":{"rendered":"https:\/\/histoiresdenosfamilles.wordpress.com\/?p=1120"},"modified":"2021-11-08T06:00:00","modified_gmt":"2021-11-08T05:00:00","slug":"gaz","status":"publish","type":"post","link":"https:\/\/hdnfamillesgenealogie.fr\/index.php\/2021\/11\/08\/gaz\/","title":{"rendered":"Gaz"},"content":{"rendered":"\n<p><em>Impossible de participer au #ChallengeAZ avec pour th\u00e8me la guerre de 14-18 sans parler de ces horreurs : les gaz<\/em><\/p>\n\n\n\n<p>Les blessures de la Grande Guerre, ce sont aussi les gaz. Plusieurs gaz ont \u00e9t\u00e9 employ\u00e9s \u00e0 partir de 1915. Le plus connu est bien s\u00fbr le gaz moutarde utilis\u00e9 pour la premi\u00e8re fois par les Allemands en juillet 1917 pr\u00e8s d\u2019Ypres en Belgique, d\u2019o\u00f9 il a tir\u00e9 son nom \u00ab l\u2019yp\u00e9rite \u00bb.<\/p>\n\n\n\n<p>Pour nos familles, c\u2019est Abel Henri BONNECUELLE, le B\u00e9bel, qui en a fait les frais. Avec le 42\u00e8me bataillon de chasseurs \u00e0 pied, il prend part en ao\u00fbt 1918 \u00e0 l\u2019offensive alli\u00e9e en Picardie. Mi-juillet le bataillon est envoy\u00e9 d\u00e9fendre Compi\u00e8gne. Un mois plus tard il est dans le secteur de Mareuil-La Motte. Depuis le d\u00e9but de la guerre, le nord-est de l\u2019Oise est le th\u00e9\u00e2tre de combats, la ligne de front \u00e9volue peu sur ce secteur.<br>En 1918 les alli\u00e9s ont l\u2019avantage et lib\u00e8rent les territoires, non sans perte.<br>Le 19 ao\u00fbt, \u00ab la parall\u00e8le de r\u00e9sistance sera tenue par un peloton de la 9e compagnie \u00bb, Abel en fait partie.<br>\u00abL\u2019attaque se produit \u00e0 6h30. A 7h1mn l\u2019objectif est atteint. Le peloton d\u2019attaque a fait 18 prisonniers et pris 6 mitrailleuses l\u00e9g\u00e8res. L\u2019ennemi r\u00e9agit violemment toute la journ\u00e9e avec son artillerie et monde d\u2019obus toxiques le vallon des Bocages \u00bb.<br>A la fin de la journ\u00e9e vingt-trois hommes sont intoxiqu\u00e9s dont B\u00e9bel, quatorze sont bless\u00e9s et quatre tu\u00e9s.<\/p>\n\n\n\n<p>Abel est \u00e9vacu\u00e9 ce 19 ao\u00fbt 1918 et reprendra sa place au sein du bataillon le 28 septembre 1918.<\/p>\n\n\n\n<p>Il gardera des s\u00e9quelles de ce gazage et touchera une pension d\u00e9finitive de 10% pour scl\u00e9rose pulmonaire.<\/p>\n\n\n\n<p>Le jour de sa blessure, \u00e0 quelque 250 kilom\u00e8tres, Andr\u00e9e CINET, ma grand-m\u00e8re paternelle, vient au monde, \u00e0 Bailly-aux-Forges (Haute-Marne).<\/p>\n\n\n\n<p><br><br><\/p>\n","protected":false},"excerpt":{"rendered":"<p>Impossible de participer au #ChallengeAZ avec pour th\u00e8me la guerre de 14-18 sans parler de ces horreurs : les gaz Les blessures de la Grande Guerre, ce sont aussi les gaz. Plusieurs gaz ont \u00e9t\u00e9 employ\u00e9s \u00e0 partir de 1915. Le plus connu est bien s\u00fbr le gaz moutarde utilis\u00e9 pour la premi\u00e8re fois par&hellip; <a class=\"more-link\" href=\"https:\/\/hdnfamillesgenealogie.fr\/index.php\/2021\/11\/08\/gaz\/\">Poursuivre la lecture <span class=\"screen-reader-text\">Gaz<\/span><\/a><\/p>\n","protected":false},"author":1,"featured_media":0,"comment_status":"open","ping_status":"open","sticky":false,"template":"","format":"standard","meta":{"advanced_seo_description":"","jetpack_seo_html_title":"","jetpack_seo_noindex":false,"jetpack_post_was_ever_published":false,"_jetpack_newsletter_access":"","_jetpack_dont_email_post_to_subs":false,"_jetpack_newsletter_tier_id":0,"_jetpack_memberships_contains_paywalled_content":false,"_jetpack_memberships_contains_paid_content":false,"footnotes":""},"categories":[4,9],"tags":[],"class_list":["post-1120","post","type-post","status-publish","format-standard","hentry","category-challengeaz2021","category-cinet","entry"],"jetpack_featured_media_url":"","jetpack_sharing_enabled":true,"_links":{"self":[{"href":"https:\/\/hdnfamillesgenealogie.fr\/index.php\/wp-json\/wp\/v2\/posts\/1120","targetHints":{"allow":["GET"]}}],"collection":[{"href":"https:\/\/hdnfamillesgenealogie.fr\/index.php\/wp-json\/wp\/v2\/posts"}],"about":[{"href":"https:\/\/hdnfamillesgenealogie.fr\/index.php\/wp-json\/wp\/v2\/types\/post"}],"author":[{"embeddable":true,"href":"https:\/\/hdnfamillesgenealogie.fr\/index.php\/wp-json\/wp\/v2\/users\/1"}],"replies":[{"embeddable":true,"href":"https:\/\/hdnfamillesgenealogie.fr\/index.php\/wp-json\/wp\/v2\/comments?post=1120"}],"version-history":[{"count":0,"href":"https:\/\/hdnfamillesgenealogie.fr\/index.php\/wp-json\/wp\/v2\/posts\/1120\/revisions"}],"wp:attachment":[{"href":"https:\/\/hdnfamillesgenealogie.fr\/index.php\/wp-json\/wp\/v2\/media?parent=1120"}],"wp:term":[{"taxonomy":"category","embeddable":true,"href":"https:\/\/hdnfamillesgenealogie.fr\/index.php\/wp-json\/wp\/v2\/categories?post=1120"},{"taxonomy":"post_tag","embeddable":true,"href":"https:\/\/hdnfamillesgenealogie.fr\/index.php\/wp-json\/wp\/v2\/tags?post=1120"}],"curies":[{"name":"wp","href":"https:\/\/api.w.org\/{rel}","templated":true}]}}