{"id":1158,"date":"2021-11-15T06:00:00","date_gmt":"2021-11-15T05:00:00","guid":{"rendered":"https:\/\/histoiresdenosfamilles.wordpress.com\/?p=1158"},"modified":"2021-11-15T06:00:00","modified_gmt":"2021-11-15T05:00:00","slug":"mobilisation-des-reservistes","status":"publish","type":"post","link":"https:\/\/hdnfamillesgenealogie.fr\/index.php\/2021\/11\/15\/mobilisation-des-reservistes\/","title":{"rendered":"Mobilisation des r\u00e9servistes"},"content":{"rendered":"\n<div class=\"wp-block-image\"><figure class=\"aligncenter size-large\"><img decoding=\"async\" src=\"https:\/\/histoiresdenosfamilles.files.wordpress.com\/2021\/11\/mobilisation-capture-decran-2021-11-13-091530.png?w=546\" alt=\"\" class=\"wp-image-1160\" \/><figcaption>Arm\u00e9e de Terre et Arm\u00e9e de Mer. Ordre de mobilisation g\u00e9n\u00e9rale&#8230; Dimanche 2 ao\u00fbt 1914<br>Gallica Mobilisation Capture d\u2019\u00e9cran 2021-11-13<\/figcaption><\/figure><\/div>\n\n\n\n<p>Le 1er ao\u00fbt 1914, le gouvernement fran\u00e7ais d\u00e9cr\u00e8te la mobilisation g\u00e9n\u00e9rale. Tambours, tocsins et affichages alertent tous les r\u00e9servistes. Ils n\u2019ont qu\u2019\u00e0 suivre les instructions de leur livret militaire.<br>Suivant la distance \u00e0 parcourir jusqu\u2019\u00e0 la caserne de leur unit\u00e9, ils feront le voyage \u00e0 pied ou par chemin de fer. Sur le livret militaire sont aussi indiqu\u00e9s le nombre de jours entre l\u2019ordre de mobilisation et leur arriv\u00e9e ainsi que l\u2019heure \u00e0 laquelle ils doivent se pr\u00e9senter.<\/p>\n\n\n\n<p>Ainsi Alcide CINET, 31 ans, devait se pr\u00e9senter le 2 ao\u00fbt 1914 au 269e R\u00e9giment d\u2019Infanterie, Georges MILLIARD (31 ans), le 3 au 109\u00e8me RI, Charles BRAULT (32 ans) le 11 ao\u00fbt.<br>Ludovic LE TENSORER est rappel\u00e9 \u00e0 l\u2019activit\u00e9 le 6 mai 1915. Il a 34 ans.<\/p>\n\n\n\n<p>Les r\u00e9servistes sont th\u00e9oriquement affect\u00e9s aux travaux annexes mais tr\u00e8s vite ils seront envoy\u00e9s au front, les besoins en chair \u00e0 canon sont devenus tr\u00e8s importants.<\/p>\n\n\n\n<p>Autre situation, Charles Marie Eug\u00e8ne MARZIN, arri\u00e8re-grand-p\u00e8re de Monsieur, arrive au corps le 5 ao\u00fbt 1914, il a 39 ans. <br>Il est \u00ab plac\u00e9 en sursis d\u2019appel du 18 ao\u00fbt au 31 octobre 1917 pour travaux de battage \u00e0 Lannion\u00bb (C\u00f4tes d\u2019Armor). Ce sursis sera prolong\u00e9 jusqu\u2019\u00e0 la fin de la guerre. Charles MARZIN sera plac\u00e9 en cong\u00e9 illimit\u00e9 de d\u00e9mobilisation le 19 janvier 1919.<\/p>\n\n\n\n<p>Ces hommes sont pour la plupart p\u00e8res de famille, alors demain pour la suite de ce #ChallengeAZ je vous parlerai de naissances.<\/p>\n","protected":false},"excerpt":{"rendered":"<p>Le 1er ao\u00fbt 1914, le gouvernement fran\u00e7ais d\u00e9cr\u00e8te la mobilisation g\u00e9n\u00e9rale. Tambours, tocsins et affichages alertent tous les r\u00e9servistes. Ils n\u2019ont qu\u2019\u00e0 suivre les instructions de leur livret militaire.Suivant la distance \u00e0 parcourir jusqu\u2019\u00e0 la caserne de leur unit\u00e9, ils feront le voyage \u00e0 pied ou par chemin de fer. Sur le livret militaire sont&hellip; <a class=\"more-link\" href=\"https:\/\/hdnfamillesgenealogie.fr\/index.php\/2021\/11\/15\/mobilisation-des-reservistes\/\">Poursuivre la lecture <span class=\"screen-reader-text\">Mobilisation des r\u00e9servistes<\/span><\/a><\/p>\n","protected":false},"author":1,"featured_media":0,"comment_status":"open","ping_status":"open","sticky":false,"template":"","format":"standard","meta":{"advanced_seo_description":"","jetpack_seo_html_title":"","jetpack_seo_noindex":false,"jetpack_post_was_ever_published":false,"_jetpack_newsletter_access":"","_jetpack_dont_email_post_to_subs":false,"_jetpack_newsletter_tier_id":0,"_jetpack_memberships_contains_paywalled_content":false,"_jetpack_memberships_contains_paid_content":false,"footnotes":""},"categories":[4,9,13,15],"tags":[],"class_list":["post-1158","post","type-post","status-publish","format-standard","hentry","category-challengeaz2021","category-cinet","category-marzin","category-milliard","entry"],"jetpack_featured_media_url":"","jetpack_sharing_enabled":true,"_links":{"self":[{"href":"https:\/\/hdnfamillesgenealogie.fr\/index.php\/wp-json\/wp\/v2\/posts\/1158","targetHints":{"allow":["GET"]}}],"collection":[{"href":"https:\/\/hdnfamillesgenealogie.fr\/index.php\/wp-json\/wp\/v2\/posts"}],"about":[{"href":"https:\/\/hdnfamillesgenealogie.fr\/index.php\/wp-json\/wp\/v2\/types\/post"}],"author":[{"embeddable":true,"href":"https:\/\/hdnfamillesgenealogie.fr\/index.php\/wp-json\/wp\/v2\/users\/1"}],"replies":[{"embeddable":true,"href":"https:\/\/hdnfamillesgenealogie.fr\/index.php\/wp-json\/wp\/v2\/comments?post=1158"}],"version-history":[{"count":0,"href":"https:\/\/hdnfamillesgenealogie.fr\/index.php\/wp-json\/wp\/v2\/posts\/1158\/revisions"}],"wp:attachment":[{"href":"https:\/\/hdnfamillesgenealogie.fr\/index.php\/wp-json\/wp\/v2\/media?parent=1158"}],"wp:term":[{"taxonomy":"category","embeddable":true,"href":"https:\/\/hdnfamillesgenealogie.fr\/index.php\/wp-json\/wp\/v2\/categories?post=1158"},{"taxonomy":"post_tag","embeddable":true,"href":"https:\/\/hdnfamillesgenealogie.fr\/index.php\/wp-json\/wp\/v2\/tags?post=1158"}],"curies":[{"name":"wp","href":"https:\/\/api.w.org\/{rel}","templated":true}]}}