{"id":1373,"date":"2022-02-14T19:08:48","date_gmt":"2022-02-14T18:08:48","guid":{"rendered":"https:\/\/histoiresdenosfamilles.wordpress.com\/?p=1373"},"modified":"2022-02-14T19:08:48","modified_gmt":"2022-02-14T18:08:48","slug":"aujourdhui-saint-valentin","status":"publish","type":"post","link":"https:\/\/hdnfamillesgenealogie.fr\/index.php\/2022\/02\/14\/aujourdhui-saint-valentin\/","title":{"rendered":"Aujourd\u2019hui, Saint-Valentin"},"content":{"rendered":"\n<figure class=\"wp-block-image size-large\"><img decoding=\"async\" src=\"https:\/\/histoiresdenosfamilles.files.wordpress.com\/2022\/02\/valentin.jpg?w=1024\" alt=\"\" class=\"wp-image-1375\" \/><\/figure>\n\n\n\n<p>Alors bonne f\u00eate, mon amoureux\u00a0!<br>Je pourrai aussi souhaiter un bon anniversaire \u00e0 mon blog\u00a0: un an hier, premi\u00e8re bougie.<br>Je me souvenais bien l\u2019avoir cr\u00e9\u00e9 en f\u00e9vrier 2021, mais j\u2019avais oubli\u00e9 le jour exact. Heureusement, tout est automatis\u00e9 dans nos vies, et WordPress me l\u2019a rappel\u00e9.<\/p>\n\n\n\n<p>Pour cette f\u00eate, j\u2019aurai bien aim\u00e9 annoncer des Valentin \u00e0 mon amoureux.<br>Des Valentin issus de son arbre.<br>Je ne n\u2019en ai pas trouv\u00e9, pas plus que sur le mien, juste quelques collat\u00e9raux ou amis. J\u2019aurai aim\u00e9 parce que Valentin veut dire brave en latin\u00a0: Valentin, \u00ab\u00a0valens\u00a0\u00bb, brave. Et valeureux, mon amoureux l&rsquo;est !<\/p>\n\n\n\n<p>Pour l\u2019occasion j\u2019ai m\u00eame ressorti mon Gaffiot. \u00ab\u00a0Valens\u00a0\u00bb est le participe pr\u00e9sent de \u00ab\u00a0valeo\u00a0\u00bb, \u00eatre fort, vigoureux. Et valeureux, mon amoureux l&rsquo;est !<\/p>\n\n\n\n<p>D&rsquo;o\u00f9 vient cette f\u00eate ?<br>Au III<sup>\u00e8me<\/sup> si\u00e8cle, Valentin, \u00e9v\u00eaque de Terni (Italie), fut mis \u00e0 mort sur ordre du pr\u00e9fet de Rome.<br>En 495, le pape G\u00e9lase 1<sup>er<\/sup> en a assez des Lupercales, f\u00eates pa\u00efennes, qui c\u00e9l\u00e8brent alors l\u2019amour et la f\u00e9condit\u00e9, parfois avec exc\u00e8s. Ces f\u00eates se d\u00e9roulaient entre le 13 et le 15 f\u00e9vrier, belle occasion de les remplacer par la Saint-Valentin.<\/p>\n\n\n\n<p>Maintenant que nous en savons un peu plus sur l\u2019origine de cette f\u00eate, retournons \u00e0 la g\u00e9n\u00e9alogie.<br>Mon logiciel pr\u00e9f\u00e9r\u00e9, Heredis\u2026 Pour tout vous dire\u2026<br>Tiens, tiens, pendant que j\u2019ai le Gaffiot sous la main, regardons cela.<\/p>\n\n\n\n<p>Heres, edis, m., f.&nbsp;: h\u00e9ritier, heriti\u00e8re.<br>Heredis, h\u00e9ritiers, h\u00e9riti\u00e8res.<br>Mais c\u2019est bien s\u00fbr&nbsp;! Pour un logiciel de g\u00e9n\u00e9alogie, une \u00e9vidence&nbsp;!<\/p>\n\n\n\n<p>Revenons \u00e0 nos moutons. Deux Valentin et une Valentine ont c\u00f4toy\u00e9 mes anc\u00eatres.<\/p>\n\n\n\n<p>Marie Valentine PERRIN na\u00eet le 4 octobre 1841. Elle est la fille de Pierre \u00ab&nbsp;Nicolas&nbsp;\u00bb PERRIN, le jeune fr\u00e8re de Jean \u00ab&nbsp;Joseph&nbsp;\u00bb PERRIN (1783-1848).<br>Vous vous souvenez des PERRIN&nbsp;? La famille durement \u00e9prouv\u00e9e par <a href=\"https:\/\/histoiresdenosfamilles.wordpress.com\/2021\/07\/26\/famille-perrin-une-autre-epidemie\/\">l\u2019\u00e9pid\u00e9mie de chol\u00e9ra<\/a> en 1832.<\/p>\n\n\n\n<p>Il faudra que je termine la minis\u00e9rie que j\u2019ai commenc\u00e9e l\u2019\u00e9t\u00e9 dernier et justement en vous pr\u00e9sentant Pierre \u00ab\u00a0Nicolas\u00a0\u00bb.<br>Mais ce n\u2019est pas le sujet du jour. <a>Pierre \u00ab\u00a0Nicolas\u00a0\u00bb PERRIN <\/a>s\u2019est install\u00e9 \u00e0 Cirey-sur-Blaise comme charpentier. Il s\u2019y est aussi mari\u00e9 par deux fois.<br>Marie Valentine est son dernier enfant. Il a d\u00e9j\u00e0 cinquante-six ans \u00e0 la naissance de sa petite derni\u00e8re.<\/p>\n\n\n\n<p>Quand la jeune fille \u00e9pouse Auguste Henry PETITJEAN (1839-1864), le 12 juin 1861, elle a dix-neuf ans. C\u2019est un de ses fr\u00e8res qui la conduit \u00e0 l\u2019autel, le p\u00e8re est d\u00e9c\u00e9d\u00e9 huit mois plus t\u00f4t.<br>Elle exerce le m\u00e9tier de couturi\u00e8re.<br>Son jeune \u00e9poux est ma\u00e7on. Il a pour t\u00e9moin Jean \u00ab\u00a0Alexandre\u00a0\u00bb Valentin BERTIN, peintre en b\u00e2timent.<\/p>\n\n\n\n<p>Ce Valentin-l\u00e0 nous am\u00e8ne tout naturellement au second, son propre p\u00e8re. Valentin BERTIN (1784-1854) est aussi de Cirey-sur-Blaise. Il est charpentier et ami du p\u00e8re de Marie Valentine.<br>Peut-\u00eatre est-ce aussi son parrain&nbsp;? Cela expliquerait qu\u2019elle porte ce pr\u00e9nom.<br>Et puis Valentin BERTIN a assist\u00e9 Pierre \u00ab&nbsp;Nicolas&nbsp;\u00bb PERRIN quand il a d\u00e9clar\u00e9 la naissance de deux de ses enfants.<\/p>\n\n\n\n<p>Voil\u00e0, la boucle des Valentin et Valentine est boucl\u00e9e.<br>Bonne soir\u00e9e les amoureux\u2026<\/p>\n\n\n\n<p class=\"has-small-font-size\"><em>Sources\u00a0: Nominis, Wikip\u00e9dia.<\/em><\/p>\n","protected":false},"excerpt":{"rendered":"<p>Alors bonne f\u00eate, mon amoureux\u00a0!Je pourrai aussi souhaiter un bon anniversaire \u00e0 mon blog\u00a0: un an hier, premi\u00e8re bougie.Je me souvenais bien l\u2019avoir cr\u00e9\u00e9 en f\u00e9vrier 2021, mais j\u2019avais oubli\u00e9 le jour exact. Heureusement, tout est automatis\u00e9 dans nos vies, et WordPress me l\u2019a rappel\u00e9. Pour cette f\u00eate, j\u2019aurai bien aim\u00e9 annoncer des Valentin \u00e0&hellip; <a class=\"more-link\" href=\"https:\/\/hdnfamillesgenealogie.fr\/index.php\/2022\/02\/14\/aujourdhui-saint-valentin\/\">Poursuivre la lecture <span class=\"screen-reader-text\">Aujourd\u2019hui, Saint-Valentin<\/span><\/a><\/p>\n","protected":false},"author":1,"featured_media":0,"comment_status":"open","ping_status":"open","sticky":false,"template":"","format":"standard","meta":{"advanced_seo_description":"","jetpack_seo_html_title":"","jetpack_seo_noindex":false,"jetpack_post_was_ever_published":false,"_jetpack_newsletter_access":"","_jetpack_dont_email_post_to_subs":false,"_jetpack_newsletter_tier_id":0,"_jetpack_memberships_contains_paywalled_content":false,"_jetpack_memberships_contains_paid_content":false,"footnotes":""},"categories":[10,17],"tags":[],"class_list":["post-1373","post","type-post","status-publish","format-standard","hentry","category-haute-marne","category-prenoms","entry"],"jetpack_featured_media_url":"","jetpack_sharing_enabled":true,"_links":{"self":[{"href":"https:\/\/hdnfamillesgenealogie.fr\/index.php\/wp-json\/wp\/v2\/posts\/1373","targetHints":{"allow":["GET"]}}],"collection":[{"href":"https:\/\/hdnfamillesgenealogie.fr\/index.php\/wp-json\/wp\/v2\/posts"}],"about":[{"href":"https:\/\/hdnfamillesgenealogie.fr\/index.php\/wp-json\/wp\/v2\/types\/post"}],"author":[{"embeddable":true,"href":"https:\/\/hdnfamillesgenealogie.fr\/index.php\/wp-json\/wp\/v2\/users\/1"}],"replies":[{"embeddable":true,"href":"https:\/\/hdnfamillesgenealogie.fr\/index.php\/wp-json\/wp\/v2\/comments?post=1373"}],"version-history":[{"count":0,"href":"https:\/\/hdnfamillesgenealogie.fr\/index.php\/wp-json\/wp\/v2\/posts\/1373\/revisions"}],"wp:attachment":[{"href":"https:\/\/hdnfamillesgenealogie.fr\/index.php\/wp-json\/wp\/v2\/media?parent=1373"}],"wp:term":[{"taxonomy":"category","embeddable":true,"href":"https:\/\/hdnfamillesgenealogie.fr\/index.php\/wp-json\/wp\/v2\/categories?post=1373"},{"taxonomy":"post_tag","embeddable":true,"href":"https:\/\/hdnfamillesgenealogie.fr\/index.php\/wp-json\/wp\/v2\/tags?post=1373"}],"curies":[{"name":"wp","href":"https:\/\/api.w.org\/{rel}","templated":true}]}}