{"id":1467,"date":"2022-03-27T18:07:19","date_gmt":"2022-03-27T16:07:19","guid":{"rendered":"https:\/\/histoiresdenosfamilles.wordpress.com\/?p=1467"},"modified":"2022-03-27T18:07:19","modified_gmt":"2022-03-27T16:07:19","slug":"1j1prenom-le-25-mars-bonne-fete-aux-humbert","status":"publish","type":"post","link":"https:\/\/hdnfamillesgenealogie.fr\/index.php\/2022\/03\/27\/1j1prenom-le-25-mars-bonne-fete-aux-humbert\/","title":{"rendered":"#1J1Pr\u00e9nom, le 25 mars\u00a0: Bonne f\u00eate aux Humbert"},"content":{"rendered":"\n<figure class=\"wp-block-image size-large\"><img decoding=\"async\" src=\"https:\/\/histoiresdenosfamilles.files.wordpress.com\/2022\/03\/humbert.png?w=1024\" alt=\"\" class=\"wp-image-1468\" \/><\/figure>\n\n\n\n<p>Humbert, un pr\u00e9nom qui ne me dit pas grand-chose.<br>Pourtant j\u2019ai le sentiment d\u2019avoir des Humbert dans mes branches, mais en nom de famille, pas comme pr\u00e9nom.<\/p>\n\n\n\n<p>Que la m\u00e9moire est s\u00e9lective&nbsp;!<br>J\u2019ai trois anc\u00eatres pr\u00e9nomm\u00e9s Humbert&nbsp;:<\/p>\n\n\n\n<ul class=\"wp-block-list\"><li>Humbert GARNICHAT (1661-1700) de Champaubert-aux-Bois. C\u2019est l\u2019un des villages engloutis lors de la cr\u00e9ation du lac du Der-Chantecoq.<\/li><li>Humbert THIERRY, c\u00f4t\u00e9 BARBARANT lui aussi. Je le connais seulement par le mariage de sa fille Jeanne THIERRY, le 1<sup>er<\/sup> f\u00e9vrier 1666, aux Grandes-C\u00f4tes (Haute-Marne), avec Charles PERSON. Une branche \u00e0 v\u00e9rifier tr\u00e8s s\u00e9rieusement un jour ou l\u2019autre. Il me manque des sources.<\/li><li>Et puis Pierre Humbert REGNAULT, c\u00f4t\u00e9 CINET cette fois. Un implexe, quatorzi\u00e8me g\u00e9n\u00e9ration, il serait d\u00e9c\u00e9d\u00e9 le 4 ao\u00fbt 1636 \u00e0 Osne-le-Val (Haute-Marne). Un ma\u00eetre d\u2019\u00e9cole, indiquent plusieurs arbres sur Geneanet. Une autre branche \u00e0 v\u00e9rifier et cette piste des ma\u00eetres et recteurs d\u2019\u00e9cole dont les Archives de Haute-Marne ont mis en ligne des notices historiques. #G\u00e9n\u00e9ajoie, de nouvelles recherches en perspective\u00a0!<\/li><\/ul>\n\n\n\n<p>Ils ont un bel \u00e2ge ces Humbert. Tous les trois du XVII\u00e8me si\u00e8cle, c\u2019est vrai que c\u2019est la p\u00e9riode pendant laquelle le pr\u00e9nom \u00e9tait le plus donn\u00e9, g\u00e9n\u00e9ralement dans l\u2019est de la France. Pas \u00e9tonnant que je le trouve parmi mes branches.<\/p>\n\n\n\n<p>Le premier Saint-Humbert \u00e9tait originaire de M\u00e9zi\u00e8res-sur-Oise, dans l\u2019Aisne, pr\u00e8s de Saint-Quentin. Issu d\u2019une famille de nobles, il s\u2019\u00e9loigna de la vie monastique et profita des privil\u00e8ges de la noblesse avant de faire un p\u00e8lerinage \u00e0 Rome qui le changea du tout au tout. Il donna sa fortune \u00e0 l\u2019abbaye de Maroilles dont il devint le premier abb\u00e9 et termina sa vie dans la pauvret\u00e9, un 25 mars entre 680 et 682.<\/p>\n\n\n\n<p>Mais le pr\u00e9nom de mes a\u00efeux vient peut-\u00eatre d\u2019un autre Humbert. Cet Humbert-l\u00e0, plus proche de nous dans le temps et l\u2019espace, est d\u00e9c\u00e9d\u00e9 en 1148. Il \u00e9tait moine \u00e0 la Chaise-Dieu (Haute-Loire) quand il d\u00e9cida de rejoindre Saint-Bernard \u00e0 Clairvaux (Aube) en 1117. Celui-ci l\u2019envoya fonder l\u2019abbaye d\u2019Igny, \u00e0 Arcis-le-Ponsart dans la Marne. Nous nous rapprochons ainsi des terres de mes anc\u00eatres.<\/p>\n\n\n\n<figure class=\"wp-block-image size-large\"><img decoding=\"async\" src=\"https:\/\/histoiresdenosfamilles.files.wordpress.com\/2022\/03\/clairvaux-igny.png?w=1024\" alt=\"\" class=\"wp-image-1471\" \/><\/figure>\n\n\n\n<p>Humbert est un pr\u00e9nom \u00e0 l\u2019\u00e9tymologie germanique indique Nominis, et viendrait de \u00ab&nbsp;hut&nbsp;\u00bb le garde et \u00ab&nbsp;berht&nbsp;\u00bb le brillant.<\/p>\n\n\n\n<p>Et quand Humbert est un nom de famille&nbsp;? Cela se complique un petit peu. La revue fran\u00e7aise de G\u00e9n\u00e9alogie note qu\u2019Humbert est une vieille forme germanique d\u2019Hun-bert, compos\u00e9e des racines \u00ab&nbsp;hun&nbsp;\u00bb, ours, g\u00e9ant et de \u00ab&nbsp;behrt&nbsp;\u00bb, brillant. Le surnom d\u2019un chef de guerre des Goths serait \u00e0 l\u2019origine du nom de famille. Les Gallo-romains l\u2019auraient adopt\u00e9 comme nom de bapt\u00eame \u00e0 partir du V\u00e8me si\u00e8cle.<br>La boucle est boucl\u00e9e et nous voici presque revenus \u00e0 notre Saint-Humbert du VII\u00e8me si\u00e8cle.<\/p>\n\n\n\n<p>Je vous disais plus haut que j\u2019avais des Humbert sur mes branches. Tr\u00e8s exactement, aujourd\u2019hui, je compte dix-sept porteuses et porteurs du patronyme, dont trois sosas femmes et six sosas hommes.<\/p>\n\n\n\n<p>Forc\u00e9ment ils sont issus de branches diff\u00e9rentes.<br>Mon Sosa 113, Marie Louise HUMBERT (1786-1828), est n\u00e9e \u00e0 Champaubert-aux-Bois. Elle \u00e9tait l\u2019\u00e9pouse de Nicolas BARBARANT (1786-1859).<br>Je suis parvenue \u00e0 remonter sa lign\u00e9e agnatique* sur six g\u00e9n\u00e9rations, mes six sosas masculins.<br>Il me reste encore \u00e0 bien sourcer mes recherches.<\/p>\n\n\n\n<p>Mes deux autres sosas femmes sont Jeanne HUMBERT, sosa 2007, c\u00f4t\u00e9 BARBARANT mais par la branche d\u2019Aricie Julienne PIERRE. Oui, vous avez bonne m\u00e9moire, j\u2019ai d\u00e9j\u00e0 \u00e9crit un article sur cet autre pr\u00e9nom, <a href=\"https:\/\/histoiresdenosfamilles.wordpress.com\/2021\/08\/31\/bonne-fete-aricie\/\">Aricie<\/a>.<br>Avec Jeanne, nous faisons un petit tour en Meuse, \u00e0 Ancerville.<\/p>\n\n\n\n<p>Troisi\u00e8me et derni\u00e8re Sosa\u2026 Jeanne HUMBERT. Non, ce n\u2019est pas la m\u00eame, celle-ci porte le num\u00e9ro 2317, c\u00f4t\u00e9 PORTE. Elle a v\u00e9cu \u00e0 Droyes (Haute-Marne).<br>Quelle co\u00efncidence&nbsp;! Elle a \u00e9pous\u00e9 Nicolas BERNARD. Le couple a ainsi rassembl\u00e9 par leur patronyme les deux amis moines, Saint-Bernard de Clairvaux et Bienheureux Humbert de l\u2019abbaye d\u2019Igny.<\/p>\n\n\n\n<p class=\"has-small-font-size\">*Lign\u00e9e des hommes, son p\u00e8re, son grand-p\u00e8re\u2026<\/p>\n\n\n\n<p class=\"has-small-font-size\"><em>Sources\u00a0:<br>Notice historique sur la situation de l\u2019instruction primaire de 1624 \u00e0 1855 d\u2019Osne-Le-Val, dress\u00e9e par Jacques Anselme HANIN &#8211;\u00a0 AD52 FRAD052_244T21_0066 images66\/87.<br>Geneanet, Nominis, Wikipedia, La revue fran\u00e7aise de G\u00e9n\u00e9alogie.<\/em><\/p>\n","protected":false},"excerpt":{"rendered":"<p>Pas de Humbert HUMBERT sur mes branches mais tout de m\u00eame le pr\u00e9nom et le nom de famille<\/p>\n","protected":false},"author":1,"featured_media":0,"comment_status":"open","ping_status":"open","sticky":false,"template":"","format":"standard","meta":{"advanced_seo_description":"","jetpack_seo_html_title":"","jetpack_seo_noindex":false,"jetpack_post_was_ever_published":false,"_jetpack_newsletter_access":"","_jetpack_dont_email_post_to_subs":false,"_jetpack_newsletter_tier_id":0,"_jetpack_memberships_contains_paywalled_content":false,"_jetpack_memberships_contains_paid_content":false,"footnotes":""},"categories":[8,9,10,16,17],"tags":[],"class_list":["post-1467","post","type-post","status-publish","format-standard","hentry","category-barbarant","category-cinet","category-haute-marne","category-porte","category-prenoms","entry"],"jetpack_featured_media_url":"","jetpack_sharing_enabled":true,"_links":{"self":[{"href":"https:\/\/hdnfamillesgenealogie.fr\/index.php\/wp-json\/wp\/v2\/posts\/1467","targetHints":{"allow":["GET"]}}],"collection":[{"href":"https:\/\/hdnfamillesgenealogie.fr\/index.php\/wp-json\/wp\/v2\/posts"}],"about":[{"href":"https:\/\/hdnfamillesgenealogie.fr\/index.php\/wp-json\/wp\/v2\/types\/post"}],"author":[{"embeddable":true,"href":"https:\/\/hdnfamillesgenealogie.fr\/index.php\/wp-json\/wp\/v2\/users\/1"}],"replies":[{"embeddable":true,"href":"https:\/\/hdnfamillesgenealogie.fr\/index.php\/wp-json\/wp\/v2\/comments?post=1467"}],"version-history":[{"count":0,"href":"https:\/\/hdnfamillesgenealogie.fr\/index.php\/wp-json\/wp\/v2\/posts\/1467\/revisions"}],"wp:attachment":[{"href":"https:\/\/hdnfamillesgenealogie.fr\/index.php\/wp-json\/wp\/v2\/media?parent=1467"}],"wp:term":[{"taxonomy":"category","embeddable":true,"href":"https:\/\/hdnfamillesgenealogie.fr\/index.php\/wp-json\/wp\/v2\/categories?post=1467"},{"taxonomy":"post_tag","embeddable":true,"href":"https:\/\/hdnfamillesgenealogie.fr\/index.php\/wp-json\/wp\/v2\/tags?post=1467"}],"curies":[{"name":"wp","href":"https:\/\/api.w.org\/{rel}","templated":true}]}}