{"id":1973,"date":"2022-11-04T08:52:38","date_gmt":"2022-11-04T07:52:38","guid":{"rendered":"https:\/\/histoiresdenosfamilles.wordpress.com\/?p=1973"},"modified":"2022-11-04T08:52:38","modified_gmt":"2022-11-04T07:52:38","slug":"d-comme-dentelle","status":"publish","type":"post","link":"https:\/\/hdnfamillesgenealogie.fr\/index.php\/2022\/11\/04\/d-comme-dentelle\/","title":{"rendered":"D comme Dentelle"},"content":{"rendered":"\n<p>Lien fort entre la lettre C d\u2019hier et le D d\u2019aujourd\u2019hui pour ce Challenge AZ 2022.<br>La coiffe est faite de dentelle. Elle en fait sa l\u00e9g\u00e8ret\u00e9 et sa transparence. Une descendante, parmi nos contemporaines, conserve un petit tableau compos\u00e9 de deux parties qui pourraient \u00eatre, pour l\u2019une, l\u2019avant de la coiffe de Marie Corentine J\u00e9z\u00e9qu\u00e9lou (1871-1967) et, pour l\u2019autre, la pointe d\u2019une coiffe plus r\u00e9cente, puisqu\u2019elle est plus haute.<\/p>\n\n\n\n<figure class=\"wp-block-image size-large\"><img loading=\"lazy\" decoding=\"async\" width=\"2000\" height=\"1600\" src=\"https:\/\/hdnfamillesgenealogie.fr\/wp-content\/uploads\/2022\/11\/dentelllerie-et-broderies.png?w=1024\" alt=\"\" class=\"wp-image-1975\" srcset=\"https:\/\/hdnfamillesgenealogie.fr\/wp-content\/uploads\/2022\/11\/dentelllerie-et-broderies.png 2000w, https:\/\/hdnfamillesgenealogie.fr\/wp-content\/uploads\/2022\/11\/dentelllerie-et-broderies-300x240.png 300w, https:\/\/hdnfamillesgenealogie.fr\/wp-content\/uploads\/2022\/11\/dentelllerie-et-broderies-1024x819.png 1024w, https:\/\/hdnfamillesgenealogie.fr\/wp-content\/uploads\/2022\/11\/dentelllerie-et-broderies-768x614.png 768w, https:\/\/hdnfamillesgenealogie.fr\/wp-content\/uploads\/2022\/11\/dentelllerie-et-broderies-1536x1229.png 1536w\" sizes=\"auto, (max-width: 2000px) 100vw, 2000px\" \/><figcaption class=\"wp-element-caption\">R\u00e9alis\u00e9 avec Canva \u00e0 partir de documents personnels d&rsquo;E. Philippon<\/figcaption><\/figure>\n\n\n\n<p>C\u2019est au d\u00e9but du XXe si\u00e8cle que les Bigoud\u00e8nes se sont mises \u00e0 broder. La crise sardini\u00e8re faisait rage, il fallait trouver de quoi gagner sa vie dans les familles de marins-p\u00eacheurs. De jeunes bourgeoises, de la Ligue patriotique des Fran\u00e7aises, initient alors les femmes au point d\u2019Irlande. Parmi ces instigatrices, Marthe Derrien, \u00e9pouse de Fernand Chauvel, qui sera maire de Combrit, et Sophie Lonlay, belle-s\u0153ur de Jacques de Th\u00e9zac*.<\/p>\n\n\n\n<p>J&rsquo;ai retrouv\u00e9 quelques dentelli\u00e8res au fil de mes recherches. L\u2019une d\u2019entre elles, Marie Jeanne Biger (1896-\u00a0?) est la belle-fille de Marie Perrine J\u00e9z\u00e9qu\u00e9lou (1850-1929). Fille de marin-p\u00eacheur, \u00e9pouse de marin-p\u00eacheur, je ne sais pas, pas encore si elle a \u00e9t\u00e9 m\u00e8re de marin-p\u00eacheur, seulement que sa belle-m\u00e8re a termin\u00e9 sa vie chez elle.<br>Encore de belles recherches en perspective\u2026<\/p>\n\n\n\n<p class=\"has-small-font-size\"><em>*J\u2019ai \u00e9voqu\u00e9 Jacques de Th\u00e9zac, fondateur des Abris du Marin, lors de \u00ab\u00a0<a href=\"https:\/\/histoiresdenosfamilles.wordpress.com\/2022\/09\/17\/rendez-vous-au-port\/\">Rendez-vous au port<\/a>\u00a0\u00bb.<\/em><\/p>\n\n\n\n<p class=\"has-small-font-size\"><em>Source\u00a0:<br>&#8211; TANGUY, Delphine, \u00ab\u00a0Le picot bigouden\u00a0: de la ressource par temps de crise\u00a0\u00bb, Le T\u00e9l\u00e9gramme, 25 avril 2020, modifi\u00e9 le 13 janvier 2021, consultation en ligne du 03\/11\/2022.<\/em><\/p>\n","protected":false},"excerpt":{"rendered":"<p>Lien fort entre la lettre C d\u2019hier et le D d\u2019aujourd\u2019hui pour ce Challenge AZ 2022.La coiffe est faite de dentelle. Elle en fait sa l\u00e9g\u00e8ret\u00e9 et sa transparence. Une descendante, parmi nos contemporaines, conserve un petit tableau compos\u00e9 de deux parties qui pourraient \u00eatre, pour l\u2019une, l\u2019avant de la coiffe de Marie Corentine J\u00e9z\u00e9qu\u00e9lou&hellip; <a class=\"more-link\" href=\"https:\/\/hdnfamillesgenealogie.fr\/index.php\/2022\/11\/04\/d-comme-dentelle\/\">Poursuivre la lecture <span class=\"screen-reader-text\">D comme Dentelle<\/span><\/a><\/p>\n","protected":false},"author":1,"featured_media":0,"comment_status":"open","ping_status":"open","sticky":false,"template":"","format":"standard","meta":{"advanced_seo_description":"","jetpack_seo_html_title":"","jetpack_seo_noindex":false,"jetpack_post_was_ever_published":false,"_jetpack_newsletter_access":"","_jetpack_dont_email_post_to_subs":false,"_jetpack_newsletter_tier_id":0,"_jetpack_memberships_contains_paywalled_content":false,"_jetpack_memberships_contains_paid_content":false,"footnotes":""},"categories":[3,12],"tags":[],"class_list":["post-1973","post","type-post","status-publish","format-standard","hentry","category-challengeaz","category-jezequelou-ascendance-et-descendance","entry"],"jetpack_featured_media_url":"","jetpack_sharing_enabled":true,"_links":{"self":[{"href":"https:\/\/hdnfamillesgenealogie.fr\/index.php\/wp-json\/wp\/v2\/posts\/1973","targetHints":{"allow":["GET"]}}],"collection":[{"href":"https:\/\/hdnfamillesgenealogie.fr\/index.php\/wp-json\/wp\/v2\/posts"}],"about":[{"href":"https:\/\/hdnfamillesgenealogie.fr\/index.php\/wp-json\/wp\/v2\/types\/post"}],"author":[{"embeddable":true,"href":"https:\/\/hdnfamillesgenealogie.fr\/index.php\/wp-json\/wp\/v2\/users\/1"}],"replies":[{"embeddable":true,"href":"https:\/\/hdnfamillesgenealogie.fr\/index.php\/wp-json\/wp\/v2\/comments?post=1973"}],"version-history":[{"count":0,"href":"https:\/\/hdnfamillesgenealogie.fr\/index.php\/wp-json\/wp\/v2\/posts\/1973\/revisions"}],"wp:attachment":[{"href":"https:\/\/hdnfamillesgenealogie.fr\/index.php\/wp-json\/wp\/v2\/media?parent=1973"}],"wp:term":[{"taxonomy":"category","embeddable":true,"href":"https:\/\/hdnfamillesgenealogie.fr\/index.php\/wp-json\/wp\/v2\/categories?post=1973"},{"taxonomy":"post_tag","embeddable":true,"href":"https:\/\/hdnfamillesgenealogie.fr\/index.php\/wp-json\/wp\/v2\/tags?post=1973"}],"curies":[{"name":"wp","href":"https:\/\/api.w.org\/{rel}","templated":true}]}}