{"id":2002,"date":"2022-11-09T11:32:52","date_gmt":"2022-11-09T10:32:52","guid":{"rendered":"https:\/\/histoiresdenosfamilles.wordpress.com\/?p=2002"},"modified":"2022-11-09T11:32:52","modified_gmt":"2022-11-09T10:32:52","slug":"h-comme-hanche","status":"publish","type":"post","link":"https:\/\/hdnfamillesgenealogie.fr\/index.php\/2022\/11\/09\/h-comme-hanche\/","title":{"rendered":"H comme Hanche"},"content":{"rendered":"\n<p>Dr\u00f4le de sujet aujourd\u2019hui pour un challenge g\u00e9n\u00e9alogique&nbsp;: la luxation cong\u00e9nitale de la hanche.<br>Une arri\u00e8re-arri\u00e8re-petite-fille de Marie \u00ab&nbsp;Corentine&nbsp;\u00bb J\u00e9z\u00e9qu\u00e9lou (1871-1967) m\u2019a relat\u00e9 la crainte des familles bigoud\u00e8nes \u00e0 ce sujet.<br>Le fait est que, si la luxation cong\u00e9nitale de la hanche est plus fr\u00e9quente en Bretagne qu\u2019en France, elle l\u2019est encore davantage en Pays Bigouden. D\u2019autres populations sont \u00e9galement tr\u00e8s concern\u00e9es, comme celles du Massif Central ou les populations Inuites et Navajos.<\/p>\n\n\n\n<p>Suivant la d\u00e9finition de la Haute Autorit\u00e9 de Sant\u00e9, cette forme de luxation est \u00ab&nbsp;une anomalie du d\u00e9veloppement de la hanche qui se manifeste par une instabilit\u00e9 de la hanche, c&rsquo;est-\u00e0-dire une mobilit\u00e9 anormale entre le bassin et le f\u00e9mur. La t\u00eate f\u00e9morale sort, ou peut sortir, en partie ou en totalit\u00e9 de la cavit\u00e9 ac\u00e9tabulaire, alors qu\u2019une hanche normale est stable&nbsp;\u00bb. Chez les nourrissons, le d\u00e9pistage est important puisqu\u2019il permet la gu\u00e9rison, alors qu\u2019en l\u2019absence de correction la LCH entra\u00eene une boiterie d\u00e8s que l\u2019enfant commence \u00e0 marcher, des douleurs chroniques voire une arthrose pr\u00e9coce.<\/p>\n\n\n\n<p>Plusieurs facteurs ont \u00e9t\u00e9 d\u00e9termin\u00e9s par les chercheurs au fil des vingt-cinq derni\u00e8res ann\u00e9es&nbsp;:<\/p>\n\n\n\n<ul class=\"wp-block-list\">\n<li>Facteurs g\u00e9n\u00e9tiques, les filles \u00e9tant plus fr\u00e9quemment atteintes que les gar\u00e7ons, certaines familles plus que d\u2019autres.<\/li>\n\n\n\n<li>L\u2019habitude de langer les enfants semble aussi \u00eatre cause, mais la pratique n\u2019ayant plus cours l\u2019affection a r\u00e9gress\u00e9 sur ce point.<\/li>\n<\/ul>\n\n\n\n<p>Au-del\u00e0 des recherches des scientifiques, des explications moqueuses ont pu \u00eatre \u00e9voqu\u00e9es par certains, arguant de consanguinit\u00e9 en Bigoud\u00e9nie.<\/p>\n\n\n\n<p>Pour ma part je pr\u00e9f\u00e8re une hypoth\u00e8se du ressort de la l\u00e9gende, telle que l\u2019\u00e9voque V\u00e9ronique Kerdranvat, auteure bigoud\u00e8ne&nbsp;: les r\u00e9fugi\u00e9s de l\u2019Atlantide, qui sont arriv\u00e9s en Bretagne, aux Am\u00e9riques, et dans d\u2019autres r\u00e9gions du monde, auraient-ils apport\u00e9 la luxation cong\u00e9nitale de la hanche au Pays Bigouden&nbsp;?<br>La question reste enti\u00e8re.<\/p>\n\n\n\n<p>Mais pour revenir aux J\u00e9z\u00e9qu\u00e9lou, Kerdranvat est un nom de famille que j\u2019ai crois\u00e9 au cours de mes recherches avec Marie Jeanne Kerdranvat (1863-1938), \u00e9pouse de Jean Corentin Taniou (1857-1944), fils de &nbsp;Jeanne Louise Yvonne C\u00e9cilia Le Floc\u2019h (1820-1893). Le couple a v\u00e9cu \u00e0 Saint-Vennec en Combrit. Je vous en dirais davantage un autre jour\u2026<\/p>\n\n\n\n<p class=\"has-small-font-size\"><em>Sources\u00a0:<br>&#8211; Haute Autorit\u00e9 de Sant\u00e9, \u00ab\u00a0Rapport d\u2019\u00e9laboration, luxation cong\u00e9nitale de la hanche\u00a0: d\u00e9pistage, Octobre 2013, consult\u00e9 le 09\/11\/22.<br>-LE GUEN, Catherine, \u00ab\u00a0Luxation cong\u00e9nitale de la hanche : sur la piste de plusieurs facteurs\u00a0\u00bb, Le t\u00e9l\u00e9gramme, article publi\u00e9 le 15 septembre 1997, consult\u00e9 le 09\/11\/22.<br>&#8211; \u00a0Luxation de la hanche. Une \u00e9tude g\u00e9n\u00e9tique\u00a0\u00bb,Le T\u00e9l\u00e9gramme, article publi\u00e9 le 30 novembre 2004, Consult\u00e9 le 09\/11\/22.<br>&#8211; KERDRANVAT, V\u00e9ronique, \u00ab\u00a0La luxation de la hanche entre mythe et r\u00e9alit\u00e9\u00a0\u00bb, site personnel de l\u2019auteure, consult\u00e9 le 08\/11\/2022.<\/em><\/p>\n","protected":false},"excerpt":{"rendered":"<p>Dr\u00f4le de sujet aujourd\u2019hui pour un challenge g\u00e9n\u00e9alogique&nbsp;: la luxation cong\u00e9nitale de la hanche.Une arri\u00e8re-arri\u00e8re-petite-fille de Marie \u00ab&nbsp;Corentine&nbsp;\u00bb J\u00e9z\u00e9qu\u00e9lou (1871-1967) m\u2019a relat\u00e9 la crainte des familles bigoud\u00e8nes \u00e0 ce sujet.Le fait est que, si la luxation cong\u00e9nitale de la hanche est plus fr\u00e9quente en Bretagne qu\u2019en France, elle l\u2019est encore davantage en Pays Bigouden. D\u2019autres&hellip; <a class=\"more-link\" href=\"https:\/\/hdnfamillesgenealogie.fr\/index.php\/2022\/11\/09\/h-comme-hanche\/\">Poursuivre la lecture <span class=\"screen-reader-text\">H comme Hanche<\/span><\/a><\/p>\n","protected":false},"author":1,"featured_media":0,"comment_status":"open","ping_status":"open","sticky":false,"template":"","format":"standard","meta":{"advanced_seo_description":"","jetpack_seo_html_title":"","jetpack_seo_noindex":false,"jetpack_post_was_ever_published":false,"_jetpack_newsletter_access":"","_jetpack_dont_email_post_to_subs":false,"_jetpack_newsletter_tier_id":0,"_jetpack_memberships_contains_paywalled_content":false,"_jetpack_memberships_contains_paid_content":false,"footnotes":""},"categories":[3,12],"tags":[],"class_list":["post-2002","post","type-post","status-publish","format-standard","hentry","category-challengeaz","category-jezequelou-ascendance-et-descendance","entry"],"jetpack_featured_media_url":"","jetpack_sharing_enabled":true,"_links":{"self":[{"href":"https:\/\/hdnfamillesgenealogie.fr\/index.php\/wp-json\/wp\/v2\/posts\/2002","targetHints":{"allow":["GET"]}}],"collection":[{"href":"https:\/\/hdnfamillesgenealogie.fr\/index.php\/wp-json\/wp\/v2\/posts"}],"about":[{"href":"https:\/\/hdnfamillesgenealogie.fr\/index.php\/wp-json\/wp\/v2\/types\/post"}],"author":[{"embeddable":true,"href":"https:\/\/hdnfamillesgenealogie.fr\/index.php\/wp-json\/wp\/v2\/users\/1"}],"replies":[{"embeddable":true,"href":"https:\/\/hdnfamillesgenealogie.fr\/index.php\/wp-json\/wp\/v2\/comments?post=2002"}],"version-history":[{"count":0,"href":"https:\/\/hdnfamillesgenealogie.fr\/index.php\/wp-json\/wp\/v2\/posts\/2002\/revisions"}],"wp:attachment":[{"href":"https:\/\/hdnfamillesgenealogie.fr\/index.php\/wp-json\/wp\/v2\/media?parent=2002"}],"wp:term":[{"taxonomy":"category","embeddable":true,"href":"https:\/\/hdnfamillesgenealogie.fr\/index.php\/wp-json\/wp\/v2\/categories?post=2002"},{"taxonomy":"post_tag","embeddable":true,"href":"https:\/\/hdnfamillesgenealogie.fr\/index.php\/wp-json\/wp\/v2\/tags?post=2002"}],"curies":[{"name":"wp","href":"https:\/\/api.w.org\/{rel}","templated":true}]}}