{"id":2078,"date":"2022-11-23T20:27:25","date_gmt":"2022-11-23T19:27:25","guid":{"rendered":"https:\/\/histoiresdenosfamilles.wordpress.com\/?p=2078"},"modified":"2022-11-23T20:27:25","modified_gmt":"2022-11-23T19:27:25","slug":"t-comme-tromarzin","status":"publish","type":"post","link":"https:\/\/hdnfamillesgenealogie.fr\/index.php\/2022\/11\/23\/t-comme-tromarzin\/","title":{"rendered":"T comme Tromarzin"},"content":{"rendered":"\n<p>Je vous ai dit que je n\u2019avais pas encore trouv\u00e9 de rencha\u00eenement d\u2019alliance dans la g\u00e9n\u00e9alogie J\u00e9z\u00e9qu\u00e9lou, et pourtant, j\u2019en avais un sous les yeux. Que la m\u00e9moire est s\u00e9lective&nbsp;! Que la concentration sur un sujet ob\u00e8re une vue plus large&nbsp;! Heureusement une descendante de Pierre J\u00e9z\u00e9qu\u00e9lou (1753-1807) m\u2019a gentiment montr\u00e9 le chemin.<\/p>\n\n\n\n<p>C\u2019est sur la branche de Marie \u00ab&nbsp;Corentine&nbsp;\u00bb que se situe ce rencha\u00eenement d\u2019alliance. C\u2019est tout simple. Le 7 novembre 1920, Corentine et son \u00e9poux Nicolas Pierre Marie Castric (1864-1925) marient deux de leurs filles \u00e0 deux fils Quiniou de Tr\u00e9m\u00e9oc. \u00ab&nbsp;Marie&nbsp;\u00bb Corentine Castric (1898-1980) \u00e9pouse Pierre Marie Quiniou (1892-1956), et sa cadette, Marie Louise Ren\u00e9e Castric (1901-1991), \u00e9pouse Louis Quiniou (1898-1982). Le premier couple s\u2019installe dans la ferme Quiniou \u00e0 Rostual, en Tr\u00e9m\u00e9oc, le second chez les Castric, \u00e0 Tromarzin, en Combrit.<\/p>\n\n\n\n<p>Deux parfaits exemples de ce que Martine S\u00e9galen* constatait en Pays Bigouden. La soci\u00e9t\u00e9 bigoud\u00e8ne est \u00e9galitaire, les filles h\u00e9ritent au m\u00eame titre que les gar\u00e7ons, chaque famille installe chacun de ses enfants dans une ferme d\u2019\u00e9gale importance et pr\u00e9serve, au mieux, le capital familial, avec les rencha\u00eenements d\u2019alliances.<\/p>\n\n\n\n<p>Mon sujet du jour est le T, restons donc \u00e0 Tromarzin. Je suis particuli\u00e8rement attach\u00e9e \u00e0 ce lieu-dit. Lors de promenades, je passe r\u00e9guli\u00e8rement devant l\u2019ancienne ferme. C\u2019est gr\u00e2ce \u00e0 Tromarzin que j\u2019ai d\u00e9couvert la famille J\u00e9z\u00e9qu\u00e9lou. Quelques surfs sur les recensements, j\u2019y ai appris que la maison \u00e9tait habit\u00e9e par les Castric. J\u2019ai d\u00e9couvert Marie Corentine J\u00e9z\u00e9qu\u00e9lou, \u00e0 l\u2019air si sympathique. De fil en aiguille, j\u2019ai rencontr\u00e9 des descendantes de Marie \u00ab&nbsp;Corentine&nbsp;\u00bb et appris que je devrais m\u00eame dire Corentine tout court, puisque c\u2019\u00e9tait son pr\u00e9nom usuel.<\/p>\n\n\n\n<p>Lundi dernier, visite aux archives d\u00e9partementales du Finist\u00e8re. Tromarzin figure sur le r\u00e9pertoire des proc\u00e8s-verbaux de vente des biens nationaux. Sous-s\u00e9rie 1Q, pour les g\u00e9n\u00e9alogistes amateurs. Deux lignes, pour deux rentes du 10 niv\u00f4se an II, 30 d\u00e9cembre 1793.<br>Deux rentes sur Tromarzin qui appartenaient pr\u00e9c\u00e9demment aux Carmes du Pont l\u2019Abb\u00e9, achet\u00e9es par Gilles Ferrec pour l\u2019une, \u00e0 \u00ab&nbsp;Le Moine, Gilles F\u00e9rec&nbsp;\u00bb pour l\u2019autre.<br>Ce matin-l\u00e0, j\u2019avais plusieurs recherches \u00e0 faire et puis, j\u2019ai oubli\u00e9 de demander \u00e0 consulter ces deux registres. Ce sera pour une prochaine fois.<br>La suite m\u2019a r\u00e9serv\u00e9 de bonnes surprises. Je cherchai tout autre chose en g\u00e9n\u00e9alogie immobili\u00e8re, quand, au sein des matrices cadastrales de 1882 \u00e0 1911, et de 1911 \u00e0 1956, je suis tomb\u00e9e sur les cases des propri\u00e9taires successifs de Tromarzin.<\/p>\n\n\n\n<figure class=\"wp-block-gallery has-nested-images columns-default is-cropped wp-block-gallery-1 is-layout-flex wp-block-gallery-is-layout-flex\">\n<figure class=\"wp-block-image size-large\"><img loading=\"lazy\" decoding=\"async\" width=\"800\" height=\"600\" data-id=\"2080\" src=\"https:\/\/hdnfamillesgenealogie.fr\/wp-content\/uploads\/2022\/11\/matrices.png?w=800\" alt=\"\" class=\"wp-image-2080\" srcset=\"https:\/\/hdnfamillesgenealogie.fr\/wp-content\/uploads\/2022\/11\/matrices.png 800w, https:\/\/hdnfamillesgenealogie.fr\/wp-content\/uploads\/2022\/11\/matrices-300x225.png 300w, https:\/\/hdnfamillesgenealogie.fr\/wp-content\/uploads\/2022\/11\/matrices-768x576.png 768w\" sizes=\"auto, (max-width: 800px) 100vw, 800px\" \/><\/figure>\n<\/figure>\n\n\n\n<p>M\u00eame si je le savais, j\u2019ai eu la confirmation qu\u2019une maison, sise \u00e0 Tromarzin appartenait \u00e0 la famille Castric entre 1882 et 1956&nbsp;: \u00e0 Fran\u00e7ois, d\u00e9c\u00e9d\u00e9 en 1892, puis \u00e0 son fils Nicolas Pierre Marie, l\u2019\u00e9poux de Corentine, puis \u00e0 Louis et Pierre Quiniou, leurs gendres. A moins que ce ne soit \u00e0 leurs filles, puisque ces documents des imp\u00f4ts ne mentionnent que les foyers fiscaux.<\/p>\n\n\n\n<p>Pour l\u2019anecdote Tromarzin est devenu Tr\u00e9marzin entre 1890 et 1953. Il semble que la maison ne soit pas aussi ancienne que je le pensais puisqu\u2019il est fait mention d\u2019une maison d\u00e9molie en 1882 et reconstruite en 1890.<\/p>\n\n\n\n<p>Revenons \u00e0 ce 23 novembre 2022, voici Tromarzin ce midi. La nature est fofolle, des regains de tournesols s\u2019\u00e9garent encore dans les champs.<\/p>\n\n\n\n<figure class=\"wp-block-image size-large\"><img loading=\"lazy\" decoding=\"async\" width=\"1275\" height=\"1020\" src=\"https:\/\/hdnfamillesgenealogie.fr\/wp-content\/uploads\/2022\/11\/tromarzin.png?w=1024\" alt=\"\" class=\"wp-image-2082\" srcset=\"https:\/\/hdnfamillesgenealogie.fr\/wp-content\/uploads\/2022\/11\/tromarzin.png 1275w, https:\/\/hdnfamillesgenealogie.fr\/wp-content\/uploads\/2022\/11\/tromarzin-300x240.png 300w, https:\/\/hdnfamillesgenealogie.fr\/wp-content\/uploads\/2022\/11\/tromarzin-1024x819.png 1024w, https:\/\/hdnfamillesgenealogie.fr\/wp-content\/uploads\/2022\/11\/tromarzin-768x614.png 768w\" sizes=\"auto, (max-width: 1275px) 100vw, 1275px\" \/><\/figure>\n\n\n\n<p class=\"has-small-font-size\">*SEGALEN, Martine, Quinze g\u00e9n\u00e9rations de Bas-Bretons, Vend\u00f4me, Presses Universitaires de France, 1985.<\/p>\n","protected":false},"excerpt":{"rendered":"<p>Je vous ai dit que je n\u2019avais pas encore trouv\u00e9 de rencha\u00eenement d\u2019alliance dans la g\u00e9n\u00e9alogie J\u00e9z\u00e9qu\u00e9lou, et pourtant, j\u2019en avais un sous les yeux. Que la m\u00e9moire est s\u00e9lective&nbsp;! Que la concentration sur un sujet ob\u00e8re une vue plus large&nbsp;! Heureusement une descendante de Pierre J\u00e9z\u00e9qu\u00e9lou (1753-1807) m\u2019a gentiment montr\u00e9 le chemin. C\u2019est sur&hellip; <a class=\"more-link\" href=\"https:\/\/hdnfamillesgenealogie.fr\/index.php\/2022\/11\/23\/t-comme-tromarzin\/\">Poursuivre la lecture <span class=\"screen-reader-text\">T comme Tromarzin<\/span><\/a><\/p>\n","protected":false},"author":1,"featured_media":0,"comment_status":"open","ping_status":"open","sticky":false,"template":"","format":"standard","meta":{"advanced_seo_description":"","jetpack_seo_html_title":"","jetpack_seo_noindex":false,"jetpack_post_was_ever_published":false,"_jetpack_newsletter_access":"","_jetpack_dont_email_post_to_subs":false,"_jetpack_newsletter_tier_id":0,"_jetpack_memberships_contains_paywalled_content":false,"_jetpack_memberships_contains_paid_content":false,"footnotes":""},"categories":[3,12],"tags":[],"class_list":["post-2078","post","type-post","status-publish","format-standard","hentry","category-challengeaz","category-jezequelou-ascendance-et-descendance","entry"],"jetpack_featured_media_url":"","jetpack_sharing_enabled":true,"_links":{"self":[{"href":"https:\/\/hdnfamillesgenealogie.fr\/index.php\/wp-json\/wp\/v2\/posts\/2078","targetHints":{"allow":["GET"]}}],"collection":[{"href":"https:\/\/hdnfamillesgenealogie.fr\/index.php\/wp-json\/wp\/v2\/posts"}],"about":[{"href":"https:\/\/hdnfamillesgenealogie.fr\/index.php\/wp-json\/wp\/v2\/types\/post"}],"author":[{"embeddable":true,"href":"https:\/\/hdnfamillesgenealogie.fr\/index.php\/wp-json\/wp\/v2\/users\/1"}],"replies":[{"embeddable":true,"href":"https:\/\/hdnfamillesgenealogie.fr\/index.php\/wp-json\/wp\/v2\/comments?post=2078"}],"version-history":[{"count":0,"href":"https:\/\/hdnfamillesgenealogie.fr\/index.php\/wp-json\/wp\/v2\/posts\/2078\/revisions"}],"wp:attachment":[{"href":"https:\/\/hdnfamillesgenealogie.fr\/index.php\/wp-json\/wp\/v2\/media?parent=2078"}],"wp:term":[{"taxonomy":"category","embeddable":true,"href":"https:\/\/hdnfamillesgenealogie.fr\/index.php\/wp-json\/wp\/v2\/categories?post=2078"},{"taxonomy":"post_tag","embeddable":true,"href":"https:\/\/hdnfamillesgenealogie.fr\/index.php\/wp-json\/wp\/v2\/tags?post=2078"}],"curies":[{"name":"wp","href":"https:\/\/api.w.org\/{rel}","templated":true}]}}