{"id":2090,"date":"2022-11-25T21:52:28","date_gmt":"2022-11-25T20:52:28","guid":{"rendered":"https:\/\/histoiresdenosfamilles.wordpress.com\/?p=2090"},"modified":"2022-11-25T21:52:28","modified_gmt":"2022-11-25T20:52:28","slug":"v-comme-saint-vennec","status":"publish","type":"post","link":"https:\/\/hdnfamillesgenealogie.fr\/index.php\/2022\/11\/25\/v-comme-saint-vennec\/","title":{"rendered":"V comme Saint-Vennec"},"content":{"rendered":"\n<p>La monographie familiale, que les \u00e9tudiants du Dipl\u00f4me Universitaire d\u2019Histoire et G\u00e9n\u00e9alogie Familiale de l\u2019Universit\u00e9 du Mans doivent r\u00e9diger, comprend une g\u00e9n\u00e9alogie immobili\u00e8re. Ils doivent reconstituer l\u2019histoire d\u2019une maison, occup\u00e9e par la famille \u00e9tudi\u00e9e. Pour cette partie de mon m\u00e9moire, j\u2019ai d\u2019abord pens\u00e9 travailler sur <a href=\"https:\/\/histoiresdenosfamilles.wordpress.com\/2022\/11\/23\/t-comme-tromarzin\/\">Tromarzin<\/a>. Je vous l\u2019ai pr\u00e9sent\u00e9 avant-hier pour la lettre T, mais le lieu-dit n\u2019est entr\u00e9 dans la famille J\u00e9z\u00e9qu\u00e9lou qu\u2019au XXe si\u00e8cle, il m\u2019a fallu chercher une autre ferme.<\/p>\n\n\n\n<p>Il est des lieux que j\u2019affectionne particuli\u00e8rement \u00e0 Combrit. J\u2019avais envie qu\u2019ils aient une relation avec la g\u00e9n\u00e9alogie de Pierre. Suite \u00e0 la d\u00e9ception de ne pouvoir travailler sur Tromarzin, j\u2019ai cherch\u00e9 du c\u00f4t\u00e9 de Saint-Vennec. Saint-Vennec, c\u2019est la chapelle de la Clart\u00e9, son pardon, mon <a href=\"https:\/\/histoiresdenosfamilles.wordpress.com\/2022\/10\/15\/rendez-vous-a-la-clarte\/\">rendez-vous ancestral d\u2019octobre dernier<\/a>, mais pas que&nbsp;! Saint-Vennec est aussi une ancienne ferme, juste \u00e0 c\u00f4t\u00e9 de la chapelle.<br>Quelques clics sur les documents en ligne des archives d\u00e9partementales du Finist\u00e8re, \u00e9tat-civil et recensements, bingo&nbsp;! Je vais pouvoir reconstituer l\u2019histoire immobili\u00e8re de Saint-Vennec. <a>Jeanne Louise Yvonne C\u00e9cilia Le Floc\u2019h (1820-1893)<\/a>, petite fille de Pierre J\u00e9z\u00e9qu\u00e9lou (1753-1807), ses enfants, petits-enfants, arri\u00e8res-petits-enfants y ont habit\u00e9. Au moins cinq g\u00e9n\u00e9rations, qui ont v\u00e9cu \u00e0 Saint-Vennec, jusqu\u2019en 1946 et tr\u00e8s certainement au-del\u00e0. Pour les ann\u00e9es suivantes, il me faudra consulter aux archives d\u00e9partementales les recensements de 1954 et 1968.<\/p>\n\n\n\n<p>Qui dit habitants, ne dit pas forc\u00e9ment propri\u00e9taires. Est-ce que les J\u00e9z\u00e9qu\u00e9lou, Le Berre, Le Floc\u2019h, Tanniou, Kerviel, S\u00e9n\u00e9chal, Diquelou, Cariou, Le Nours, Le Cossec ou B\u00e9chennec qui sont n\u00e9s, d\u00e9c\u00e9d\u00e9s ou ont r\u00e9sid\u00e9 \u00e0 Saint-Vennec, \u00e9taient propri\u00e9taires ou locataires des lieux&nbsp;?<br>Les recherches du d\u00e9but de semaine m\u2019ont apport\u00e9 quelques r\u00e9ponses. Comme pour Tromarzin, j\u2019ai appris qu\u2019une maison y avait \u00e9t\u00e9 d\u00e9molie en 1890 sur la parcelle 272. Le propri\u00e9taire \u00e9tait Pierre Tanniou, probablement Pierre Marie Tanniou (1817-1899), l\u2019\u00e9poux de Jeanne Louise Yvonne C\u00e9cilia Le Floc\u2019h (1820-1893). Le couple y a v\u00e9cu \u00e0 partir de 1846. Sur la parcelle 281, une autre maison, toujours \u00e0 Saint-Vennec, qui correspond \u00e0 celle que je cherche. Le propri\u00e9taire suivant de la parcelle est Jean Tanniou, \u00e9poux Le Gall. Mon logiciel de g\u00e9n\u00e9alogie me confirme qu\u2019il s\u2019agit d\u2019un petit-fils, Jean Corentin Tanniou, mari\u00e9 \u00e0 Marie Jeanne Le Gall.<\/p>\n\n\n\n<p>Voil\u00e0 o\u00f9 j\u2019en suis pour la fin la premi\u00e8re moiti\u00e9 du XXe si\u00e8cle.<br>Il me faudra aller consulter les archives notariales pour en savoir davantage, sans oublier de poursuivre ma remont\u00e9e du temps.<\/p>\n\n\n\n<p>Pour la p\u00e9riode r\u00e9volutionnaire, j\u2019ai d\u00e9couvert d\u2019autres archives. Saint-Vennec appartenait \u00e0 la fabrique* de la Clart\u00e9. La chapelle et la maison de Saint-Vennec ont \u00e9t\u00e9 vendues comme biens nationaux.<br>Le 6 d\u00e9cembre 1800, vente aux ench\u00e8res, \u00e0 la bougie, la chapelle a co\u00fbt\u00e9 quatre-vingt cinq francs au citoyen Le Bourg.<br>Un an plus t\u00f4t, le 4<sup>e<\/sup> jour compl\u00e9mentaire de l\u2019An VII de la R\u00e9publique (le 20 septembre 1799), la maison manale a \u00e9t\u00e9 mise \u00e0 prix mille francs. Huit feux successifs, les ench\u00e8res ont \u00e9t\u00e9 disput\u00e9es. Le citoyen Louis l\u2019a emport\u00e9 pour le compte du citoyen Pierre F\u00e9ouet de Combrit, pour douze-mille quatre-cent francs.<\/p>\n\n\n\n<p>J\u2019avais bien remarqu\u00e9 que la maison \u00e9tait cossue, mais je ne pensai pas qu\u2019elle ait pu \u00eatre un manoir.<\/p>\n\n\n\n<p>Quelques \u00e9tapes franchies pour mes recherches, d\u2019autres marches restent \u00e0 gravir. Ce sera pour un autre fois et peut-\u00eatre un nouvel article&#8230; Dans quelques mois&nbsp;!<\/p>\n\n\n\n<p>*La fabrique est l\u2019ensemble des biens mat\u00e9riels d&rsquo;une \u00e9glise paroissiale, revenus affect\u00e9s \u00e0 son entretien, gestion mat\u00e9rielle de ces biens et revenus (d\u00e9finition du Centre National de Ressources Textuelles et Lexicales).<\/p>\n\n\n\n<figure class=\"wp-block-gallery has-nested-images columns-default is-cropped wp-block-gallery-1 is-layout-flex wp-block-gallery-is-layout-flex\">\n<figure class=\"wp-block-image size-large\"><img loading=\"lazy\" decoding=\"async\" width=\"1414\" height=\"2000\" data-id=\"2092\" src=\"https:\/\/hdnfamillesgenealogie.fr\/wp-content\/uploads\/2022\/11\/saint-vennec.png?w=724\" alt=\"\" class=\"wp-image-2092\" srcset=\"https:\/\/hdnfamillesgenealogie.fr\/wp-content\/uploads\/2022\/11\/saint-vennec.png 1414w, https:\/\/hdnfamillesgenealogie.fr\/wp-content\/uploads\/2022\/11\/saint-vennec-212x300.png 212w, https:\/\/hdnfamillesgenealogie.fr\/wp-content\/uploads\/2022\/11\/saint-vennec-724x1024.png 724w, https:\/\/hdnfamillesgenealogie.fr\/wp-content\/uploads\/2022\/11\/saint-vennec-768x1086.png 768w, https:\/\/hdnfamillesgenealogie.fr\/wp-content\/uploads\/2022\/11\/saint-vennec-1086x1536.png 1086w\" sizes=\"auto, (max-width: 1414px) 100vw, 1414px\" \/><\/figure>\n<\/figure>\n\n\n\n<p class=\"has-small-font-size\"><p class=\"MsoNormal\"><em>Sources\u00a0: FRAD029_0001Q 697\u00a0176.<\/em><\/p>A noter : La maison ayant \u00e9t\u00e9 un h\u00f4tel, les photographies sont issues de sites publicitaires. <\/p>\n","protected":false},"excerpt":{"rendered":"<p>La monographie familiale, que les \u00e9tudiants du Dipl\u00f4me Universitaire d\u2019Histoire et G\u00e9n\u00e9alogie Familiale de l\u2019Universit\u00e9 du Mans doivent r\u00e9diger, comprend une g\u00e9n\u00e9alogie immobili\u00e8re. Ils doivent reconstituer l\u2019histoire d\u2019une maison, occup\u00e9e par la famille \u00e9tudi\u00e9e. Pour cette partie de mon m\u00e9moire, j\u2019ai d\u2019abord pens\u00e9 travailler sur Tromarzin. Je vous l\u2019ai pr\u00e9sent\u00e9 avant-hier pour la lettre T,&hellip; <a class=\"more-link\" href=\"https:\/\/hdnfamillesgenealogie.fr\/index.php\/2022\/11\/25\/v-comme-saint-vennec\/\">Poursuivre la lecture <span class=\"screen-reader-text\">V comme Saint-Vennec<\/span><\/a><\/p>\n","protected":false},"author":1,"featured_media":0,"comment_status":"open","ping_status":"open","sticky":false,"template":"","format":"standard","meta":{"advanced_seo_description":"","jetpack_seo_html_title":"","jetpack_seo_noindex":false,"jetpack_post_was_ever_published":false,"_jetpack_newsletter_access":"","_jetpack_dont_email_post_to_subs":false,"_jetpack_newsletter_tier_id":0,"_jetpack_memberships_contains_paywalled_content":false,"_jetpack_memberships_contains_paid_content":false,"footnotes":""},"categories":[3,12],"tags":[],"class_list":["post-2090","post","type-post","status-publish","format-standard","hentry","category-challengeaz","category-jezequelou-ascendance-et-descendance","entry"],"jetpack_featured_media_url":"","jetpack_sharing_enabled":true,"_links":{"self":[{"href":"https:\/\/hdnfamillesgenealogie.fr\/index.php\/wp-json\/wp\/v2\/posts\/2090","targetHints":{"allow":["GET"]}}],"collection":[{"href":"https:\/\/hdnfamillesgenealogie.fr\/index.php\/wp-json\/wp\/v2\/posts"}],"about":[{"href":"https:\/\/hdnfamillesgenealogie.fr\/index.php\/wp-json\/wp\/v2\/types\/post"}],"author":[{"embeddable":true,"href":"https:\/\/hdnfamillesgenealogie.fr\/index.php\/wp-json\/wp\/v2\/users\/1"}],"replies":[{"embeddable":true,"href":"https:\/\/hdnfamillesgenealogie.fr\/index.php\/wp-json\/wp\/v2\/comments?post=2090"}],"version-history":[{"count":1,"href":"https:\/\/hdnfamillesgenealogie.fr\/index.php\/wp-json\/wp\/v2\/posts\/2090\/revisions"}],"predecessor-version":[{"id":2368,"href":"https:\/\/hdnfamillesgenealogie.fr\/index.php\/wp-json\/wp\/v2\/posts\/2090\/revisions\/2368"}],"wp:attachment":[{"href":"https:\/\/hdnfamillesgenealogie.fr\/index.php\/wp-json\/wp\/v2\/media?parent=2090"}],"wp:term":[{"taxonomy":"category","embeddable":true,"href":"https:\/\/hdnfamillesgenealogie.fr\/index.php\/wp-json\/wp\/v2\/categories?post=2090"},{"taxonomy":"post_tag","embeddable":true,"href":"https:\/\/hdnfamillesgenealogie.fr\/index.php\/wp-json\/wp\/v2\/tags?post=2090"}],"curies":[{"name":"wp","href":"https:\/\/api.w.org\/{rel}","templated":true}]}}