{"id":2095,"date":"2022-11-26T17:11:40","date_gmt":"2022-11-26T16:11:40","guid":{"rendered":"https:\/\/histoiresdenosfamilles.wordpress.com\/?p=2095"},"modified":"2022-11-26T17:11:40","modified_gmt":"2022-11-26T16:11:40","slug":"w-comme-water-closet","status":"publish","type":"post","link":"https:\/\/hdnfamillesgenealogie.fr\/index.php\/2022\/11\/26\/w-comme-water-closet\/","title":{"rendered":"W comme Water-closet"},"content":{"rendered":"\n<p>Compliqu\u00e9, le W pour le challenge AZ et ce n\u2019est pas fini&nbsp;! Pas de X, d\u2019Y, ni de Z chez les J\u00e9z\u00e9qu\u00e9lou ascendants et descendants. Il va pourtant me falloir trouver des sujets pour terminer ce d\u00e9fi&nbsp;!<br>A chaque jour suffit sa peine, aujourd\u2019hui le W.<\/p>\n\n\n\n<p>J\u2019aurai pu prendre Wagon et vous parler du \u00ab&nbsp;train carottes&nbsp;\u00bb mais avec de probables cultivateurs de l\u00e9gumes dans la famille, je n\u2019ai aucune preuve d\u2019utilisation de ce moyen de transport. Et puis, le \u00ab&nbsp;train carottes&nbsp;\u00bb reliait Pont-l\u2019Abb\u00e9 \u00e0 Audierne, alors que c\u2019est la ligne Quimper-Pont-l\u2019Abb\u00e9 qui passe \u00e0 la gare de Combrit-Tr\u00e9m\u00e9oc.<\/p>\n\n\n\n<p>Exit le W de Wagon, que reste-t-il&nbsp;?<br>Pour poursuivre pendant la p\u00e9riode contemporaine, il y a un sujet que j\u2019affectionne, c\u2019est ce que j\u2019appelle le confort moderne. En la mati\u00e8re avec le W, je ne vois pas grand-chose hormis water-closet.<br>Je vais faire un peu ma chochotte et n\u2019effaroucher personne&nbsp;: water-closet en anglais pour \u00ab&nbsp;cabinet d\u2019eau&nbsp;\u00bb.<\/p>\n\n\n\n<p>Quand l\u2019eau courante est-elle arriv\u00e9e \u00e0 Combrit&nbsp;?<br>Mince&nbsp;! Encore une question \u00e0 laquelle je n\u2019ai pas de r\u00e9ponse \u00e0 apporter.<br>Jusqu\u2019\u00e0 quelle date, c\u00f4t\u00e9 toilettes, en est-on rest\u00e9 \u00e0 la cabane au fond du jardin&nbsp;? Au journal coup\u00e9 en morceaux et accroch\u00e9 \u00e0 la porte&nbsp;? Ou m\u00eame aux taillis et fourr\u00e9s pour les fermes isol\u00e9es, comme l\u2019a racont\u00e9 ma belle-s\u0153ur&nbsp;? D\u2019apr\u00e8s ses explications, la r\u00e9gion de Bain-de-Bretagne, au sud de Rennes, et les villages de Guignen et Pl\u00e9lan-Le-Grand, ont \u00e9t\u00e9 parmi les derniers \u00e0 b\u00e9n\u00e9ficier du confort moderne.<br>Isol\u00e9e dans la campagne, la maison de ses grands-parents n\u2019a \u00e9t\u00e9 reli\u00e9e au r\u00e9seau d\u2019eau qu\u2019en 1985. Auparavant, installation maison du milieu des ann\u00e9es 60, une pompe permettait d\u2019amener l\u2019eau du puits jusqu\u2019\u00e0 l\u2019\u00e9vier. \u00c9videmment pas de salle d\u2019eau dans ces maisons, le cas n\u2019\u00e9tait pas exceptionnel dans la France des ann\u00e9es 60, davantage dans les campagnes que dans les villes et dans les habitations les plus anciennes. Monsieur mon mari se souvient, aussi, que chez son arri\u00e8re-grand-p\u00e8re, ancien m\u00e9decin, install\u00e9 \u00e0 Burie (Charente-Maritime), les WC \u00e9taient au fond du jardin. Et cet arri\u00e8re-grand-p\u00e8re est d\u00e9c\u00e9d\u00e9 en 1967.<\/p>\n\n\n\n<p>Comment cela se passait-il \u00e0 Combrit&nbsp;? Je finirai bien par le savoir.<br>Toujours est-il que c\u00f4t\u00e9 \u00e9lectricit\u00e9, le Conseil municipal vota la cr\u00e9ation d\u2019une ligne \u00e9lectrique \u00e0 haute tension d\u00e8s 1925, sous le premier mandat de Fernand Chauvel (1868-1953). Trois ans plus tard, le courant circulait au bourg et \u00e0 Sainte-Marine.<br>Le t\u00e9l\u00e9phone arriva dans le m\u00eame temps, sous la forme d\u2019une cabine t\u00e9l\u00e9phonique, comme partout en France.<\/p>\n\n\n\n<p>Mais, \u00e0 Sainte-Marine, la question du confort et de la salubrit\u00e9, c\u2019est Jacques de Th\u00e9zac (1862-1936) qui s\u2019en \u00e9tait empar\u00e9. En 1906, le fondateur des Abris du Marin, faisait construire quatre maisons de p\u00eacheurs \u00e0 Kerh\u00e9ol. L\u2019id\u00e9e \u00e9tait de substituer des petites maisons saines aux habitations insalubres et d\u2019\u00e9liminer le fl\u00e9au de la tuberculose. Le programme n\u2019est pas all\u00e9 plus avant faute de moyens financiers, mais l\u2019id\u00e9e \u00e9tait g\u00e9n\u00e9reuse.<\/p>\n\n\n\n<p>Sans que j\u2019aie pu d\u00e9terminer si des descendants de Pierre J\u00e9z\u00e9qu\u00e9lou (1753-1807) ont habit\u00e9 dans ces petites maisons, j\u2019ai au moins appris, par le recensement de 1926, que la famille d\u2019Yves Corentin Marie Flatr\u00e8s (1883-1950) et de Marie Mich\u00e8le TUAL (1892-1972), de la branche de Marie Perrine avaient v\u00e9cu \u00e0 Kerh\u00e9ol.<\/p>\n\n\n\n<figure class=\"wp-block-gallery has-nested-images columns-default is-cropped wp-block-gallery-1 is-layout-flex wp-block-gallery-is-layout-flex\">\n<figure class=\"wp-block-image size-large\"><img loading=\"lazy\" decoding=\"async\" width=\"2000\" height=\"1600\" data-id=\"2099\" src=\"https:\/\/hdnfamillesgenealogie.fr\/wp-content\/uploads\/2022\/11\/kerheol.png?w=1024\" alt=\"\" class=\"wp-image-2099\" srcset=\"https:\/\/hdnfamillesgenealogie.fr\/wp-content\/uploads\/2022\/11\/kerheol.png 2000w, https:\/\/hdnfamillesgenealogie.fr\/wp-content\/uploads\/2022\/11\/kerheol-300x240.png 300w, https:\/\/hdnfamillesgenealogie.fr\/wp-content\/uploads\/2022\/11\/kerheol-1024x819.png 1024w, https:\/\/hdnfamillesgenealogie.fr\/wp-content\/uploads\/2022\/11\/kerheol-768x614.png 768w, https:\/\/hdnfamillesgenealogie.fr\/wp-content\/uploads\/2022\/11\/kerheol-1536x1229.png 1536w\" sizes=\"auto, (max-width: 2000px) 100vw, 2000px\" \/><\/figure>\n<\/figure>\n\n\n\n<p class=\"has-small-font-size\"><em>Sources\u00a0:<br>&#8211; TORCHET, Herv\u00e9, Fernand Chauvel (1868-1953), Chirurgien pionnier \u00e0 Quimper, maire de Combrit (1925-1944) 2e \u00e9dition, Quimper, La Perenne, 2021.<br>&#8211; FORRER, Anne, L\u2019\u0152uvre des Abris du Marin face \u00e0 la tuberculose, Annales de Bretagne et des pays de l\u2019Ouest 2020\/2 (n\u00b0 127-2), pages 59 \u00e0 83, consult\u00e9 le 17\/09\/2022.<\/em><\/p>\n","protected":false},"excerpt":{"rendered":"<p>Compliqu\u00e9, le W pour le challenge AZ et ce n\u2019est pas fini&nbsp;! Pas de X, d\u2019Y, ni de Z chez les J\u00e9z\u00e9qu\u00e9lou ascendants et descendants. Il va pourtant me falloir trouver des sujets pour terminer ce d\u00e9fi&nbsp;!A chaque jour suffit sa peine, aujourd\u2019hui le W. J\u2019aurai pu prendre Wagon et vous parler du \u00ab&nbsp;train carottes&nbsp;\u00bb&hellip; <a class=\"more-link\" href=\"https:\/\/hdnfamillesgenealogie.fr\/index.php\/2022\/11\/26\/w-comme-water-closet\/\">Poursuivre la lecture <span class=\"screen-reader-text\">W comme Water-closet<\/span><\/a><\/p>\n","protected":false},"author":1,"featured_media":0,"comment_status":"open","ping_status":"open","sticky":false,"template":"","format":"standard","meta":{"advanced_seo_description":"","jetpack_seo_html_title":"","jetpack_seo_noindex":false,"jetpack_post_was_ever_published":false,"_jetpack_newsletter_access":"","_jetpack_dont_email_post_to_subs":false,"_jetpack_newsletter_tier_id":0,"_jetpack_memberships_contains_paywalled_content":false,"_jetpack_memberships_contains_paid_content":false,"footnotes":""},"categories":[3,12],"tags":[],"class_list":["post-2095","post","type-post","status-publish","format-standard","hentry","category-challengeaz","category-jezequelou-ascendance-et-descendance","entry"],"jetpack_featured_media_url":"","jetpack_sharing_enabled":true,"_links":{"self":[{"href":"https:\/\/hdnfamillesgenealogie.fr\/index.php\/wp-json\/wp\/v2\/posts\/2095","targetHints":{"allow":["GET"]}}],"collection":[{"href":"https:\/\/hdnfamillesgenealogie.fr\/index.php\/wp-json\/wp\/v2\/posts"}],"about":[{"href":"https:\/\/hdnfamillesgenealogie.fr\/index.php\/wp-json\/wp\/v2\/types\/post"}],"author":[{"embeddable":true,"href":"https:\/\/hdnfamillesgenealogie.fr\/index.php\/wp-json\/wp\/v2\/users\/1"}],"replies":[{"embeddable":true,"href":"https:\/\/hdnfamillesgenealogie.fr\/index.php\/wp-json\/wp\/v2\/comments?post=2095"}],"version-history":[{"count":0,"href":"https:\/\/hdnfamillesgenealogie.fr\/index.php\/wp-json\/wp\/v2\/posts\/2095\/revisions"}],"wp:attachment":[{"href":"https:\/\/hdnfamillesgenealogie.fr\/index.php\/wp-json\/wp\/v2\/media?parent=2095"}],"wp:term":[{"taxonomy":"category","embeddable":true,"href":"https:\/\/hdnfamillesgenealogie.fr\/index.php\/wp-json\/wp\/v2\/categories?post=2095"},{"taxonomy":"post_tag","embeddable":true,"href":"https:\/\/hdnfamillesgenealogie.fr\/index.php\/wp-json\/wp\/v2\/tags?post=2095"}],"curies":[{"name":"wp","href":"https:\/\/api.w.org\/{rel}","templated":true}]}}