{"id":2286,"date":"2023-08-19T12:54:48","date_gmt":"2023-08-19T10:54:48","guid":{"rendered":"https:\/\/histoiresdenosfamilles.wordpress.com\/?p=2286"},"modified":"2023-09-17T10:40:27","modified_gmt":"2023-09-17T08:40:27","slug":"rendez-vous-postal","status":"publish","type":"post","link":"https:\/\/hdnfamillesgenealogie.fr\/index.php\/2023\/08\/19\/rendez-vous-postal\/","title":{"rendered":"Rendez-vous postal"},"content":{"rendered":"\n<p>Voici d\u00e9j\u00e0 le troisi\u00e8me samedi du mois. Qui vais-je rencontrer en ce jour de #RDVAncestral&nbsp;? Il fait beau, un tour de quantiquette me fera du bien. Faisons confiance \u00e0 l\u2019intuition. Je ferme les yeux, je r\u00e8gle le GPSQ, un tour \u00e0 droite, un tour \u00e0 gauche. Pour le d\u00e9marrage, il vaut mieux les rouvrir pour \u00e9viter une mauvaise posture ou pire. Si la quantiquette part toute seule, je ne pourrai pas la retrouver. Un engin pareil, c\u2019est pr\u00e9cieux&nbsp;!<\/p>\n\n\n\n<p>Vroum, vroum\u2026 Me voici en route. L\u2019automatisme r\u00e9duit d\u00e9j\u00e0 la vitesse, j\u2019aborde l\u2019atterrissage. Chouette&nbsp;! Je suis \u00e0 Bailly-aux-Forges, le village de ma grand-m\u00e8re&nbsp;! Je suis tellement venue ici qu\u2019en un clin d\u2019\u0153il, je reconnais la mairie-\u00e9cole. Oui, je sais&nbsp;! La derni\u00e8re classe est ferm\u00e9e depuis longtemps. Ce n\u2019est pas aujourd\u2019hui que je vais rencontrer des enfants ici. Tout est tr\u00e8s calme, les vacances scolaires sans doute.<\/p>\n\n\n\n<p>Je remise ma quantiquette \u00e0 l\u2019arri\u00e8re du b\u00e2timent. J\u2019ai envie d\u2019aller faire un tour chez mon arri\u00e8re-grand-m\u00e8re. Qui sait&nbsp;? Avec un peu de chance, je vais la rencontrer.<\/p>\n\n\n\n<p>Ouh l\u00e0&nbsp;! Que m\u2019arrive-t-il&nbsp;? La t\u00eate me tourne. Je gagne l\u2019ombre des arbres sur le c\u00f4t\u00e9 de la mairie et r\u00e9ussi \u00e0 m\u2019appuyer contre un tronc. Il fait une chaleur insoutenable ici.<\/p>\n\n\n\n<p>\u00ab&nbsp;Un souci, Madame&nbsp;? Vous avez besoin d\u2019aide&nbsp;?<\/p>\n\n\n\n<p>L\u2019homme qui s\u2019adresse \u00e0 moi n\u2019est pas loin de la cinquantaine.<br>Malgr\u00e9 la temp\u00e9rature extr\u00eame, il porte pantalon et veste de couleur fonc\u00e9e. Il a une casquette pour se prot\u00e9ger du soleil. Il tient \u00e0 la main une carte postale.<\/p>\n\n\n\n<p>\u00ab&nbsp;Pouvez-vous garder ce courrier&nbsp;? Je vous apporte un peu de fra\u00eecheur.&nbsp;\u00bb<\/p>\n\n\n\n<p>Il traverse la rue. Un filet d\u2019eau approvisionne l\u2019auge. Les bestiaux de la commune doivent s\u2019y d\u00e9salt\u00e9rer, mais aujourd\u2019hui il n\u2019y a personne \u00e0 proximit\u00e9.<br>L\u2019homme mouille son mouchoir et revient vers moi. Le contact frais du tissu blanc me fait du bien.<\/p>\n\n\n\n<p>\u00ab&nbsp;Quelle chaleur, ces dix derniers jours&nbsp;!&nbsp; reprend mon sauveur.<br>&#8211; Le thermom\u00e8tre passe les trente degr\u00e9s. Et moi qui doit aller \u00e0 Montier-en-Der lundi&nbsp;! Il va falloir partir de bonne heure&nbsp;!&nbsp;\u00bb<\/p>\n\n\n\n<p>\u00ab&nbsp;Quel jour sommes-nous&nbsp;? Ce malaise m\u2019a mis la t\u00eate \u00e0 l\u2019envers et sans votre aide, Monsieur\u2026&nbsp;\u00bb<\/p>\n\n\n\n<p>\u00ab&nbsp;Auguste Adrien, garde-forestier. Nous sommes le 15 juillet 1911. Vous n\u2019\u00eates pas d\u2019ici, on dirait&nbsp;?&nbsp;\u00bb<\/p>\n\n\n\n<p>\u00ab&nbsp;Effectivement, mais j\u2019ai bien connu Bailly\u2026 autrefois.&nbsp;\u00bb<\/p>\n\n\n\n<p>Comment lui dire que cet autrefois est un futur qu\u2019il ne conna\u00eetra pas&nbsp;?<br>1911, ma grand-m\u00e8re n\u2019est pas encore n\u00e9e et, si mes souvenirs sont exacts, son fr\u00e8re n\u2019a que six mois. Par contre, je me r\u00e9jouis de pouvoir rencontrer leurs parents Denise Legrand et Alcide Cinet.<\/p>\n\n\n\n<p>\u00ab&nbsp;Je viens rendre visite \u00e0 ma famille, les Cinet.&nbsp;\u00bb<br>\u00ab&nbsp;\u00c0 \u00e7a, quelle co\u00efncidence, ce sont mes voisins&nbsp;! Regardez cette carte, la photographie a \u00e9t\u00e9 prise juste devant chez eux. Je ne pense pas qu\u2019ils soient dessus. Moi-m\u00eame, j\u2019\u00e9tais au bois ce jour-l\u00e0. C\u2019est bien dommage, car c\u2019est pas tous les jours qu\u2019on a l\u2019occasion d\u2019avoir un photographe \u00e0 Bailly.&nbsp;\u00bb<\/p>\n\n\n\n<p>Auguste Adrien me montre sa carte et nomme les habitants qui r\u00e9sident aux alentours imm\u00e9diats. Il y a les Constantin, des cultivateurs. Chez les Bailly, le p\u00e8re et le fils de quinze ans sont charbonniers pour le compte d\u2019un patron. Ren\u00e9 Didelot est manouvrier chez Festugi\u00e8re. Il va \u00e0 l\u2019usine \u00e0 pied, \u00e0 Brousseval, tous les jours, tandis qu\u2019Alcide Cinet, votre parent, travaille \u00e0 Montreuil. Il est \u00e9barbeur chez R\u00e9veilhac et Suppot. Quant aux Batonnier, Gustave et son fils, Louis, ont trouv\u00e9 de l\u2019embauche \u00e0 Vaux-sur-Blaise, chez Bouchenot.<\/p>\n\n\n\n<p>Je r\u00e9fl\u00e9chis un instant, Bailly et Vaux sont distants de cinq ou six kilom\u00e8tres. Plus d\u2019une heure de marche \u00e0 l\u2019aller pour ceux qui travaillent au plus pr\u00e8s. Nos anciens n\u2019\u00e9taient pas plus g\u00e2t\u00e9s que nous.<\/p>\n\n\n\n<p>Mon interlocuteur poursuit&nbsp;:<br>\u00ab \u00c7a en fait des habitants de Bailly \u00e0 travailler dans les forges&nbsp;! La commune porte bien son nom, m\u00eame si elle n\u2019a pas d\u2019usine, juste une scierie.<br>&#8211; Pour ce qui est des enfants, c\u2019est Ren\u00e9 Didelot qui l\u2019emporte. Cinq et la petite de sa femme, l\u2019ain\u00e9e, qui a seulement onze ans. Chez Bailly, ils sont quatre. Edmond a une quinzaine d\u2019ann\u00e9es, Lucienne doit avoir dans les sept ou huit ans et le petit Louis, deux ans. C\u2019est peut-\u00eatre bien lui sur la photographie&nbsp;!&nbsp;\u00bb<\/p>\n\n\n\n<p>Je demande \u00e0 Monsieur Adrien s\u2019il a des enfants&nbsp;:<br>\u00ab&nbsp;Deux filles&nbsp;! La Germaine a vingt ans et sa cadette, Marcelle, d\u00e9j\u00e0 seize. Alors toutes deux travaillent pour ma femme. Du c\u00f4t\u00e9 de la Maria, la couture, c\u2019est une affaire qui se transmet de m\u00e8re en fille.<br>&#8211; Bon, c\u2019est pas que j\u2019ennuie, mais il faut tout de m\u00eame que je d\u00e9pose cette carte pour que Madame Mergey la re\u00e7oive dans les temps.&nbsp;\u00bb<\/p>\n\n\n\n<p>La curiosit\u00e9 doit se lire dans mes yeux, car Auguste m\u2019explique qu\u2019il doit pr\u00e9venir ses h\u00f4tes pour ne pas qu\u2019ils s\u2019\u00e9tonnent de leur arriv\u00e9e pr\u00e9coce. Herman est un coll\u00e8gue des Eaux et For\u00eats. Sa femme, Hortense, est garde-barri\u00e8re pour la Compagnie de l\u2019Est, depuis qu\u2019ils sont install\u00e9s \u00e0 Montier-en-Der.<\/p>\n\n\n\n<p>\u00ab&nbsp;Avant son mariage, je crois bien qu\u2019elle \u00e9tait cuisini\u00e8re. Et je peux vous garantir que c\u2019est un fameux cordon-bleu. Eux n\u2019ont pas d\u2019enfant, mais on m\u2019a dit qu\u2019ils ont maintenant un gamin de deux ans \u00e0 la maison. Il viendrait de Paris. Jacques, \u00e0 ce qu\u2019il para\u00eet&nbsp;!&nbsp;\u00bb<\/p>\n\n\n\n<p>Auguste Adrien soul\u00e8ve sa casquette pour me saluer, puis se dirige vers la bo\u00eete aux lettres. Il d\u00e9pose sa carte puis rejoint la route de Mertrud.<br>Si je veux me rendre chez mes arri\u00e8re-grands-parents, il me faut prendre la direction oppos\u00e9e. Il est tard, on verra \u00e7a une autre fois. Je r\u00e9cup\u00e8re mon engin quantique. Je jette un coup d\u2019\u0153il \u00e0 la bo\u00eete aux lettres communale. Elle est bleue, un mod\u00e8le plus ancien que les jaunes auxquelles je suis habitu\u00e9e.<\/p>\n\n\n\n<p>Je r\u00e8gle le GPSQ sur 2023. Mes pens\u00e9es restent en ce d\u00e9but de XXe si\u00e8cle. Pas de texto pour pr\u00e9venir les amis. La carte postale en faisait office, envoy\u00e9e le samedi pour pr\u00e9venir d\u2019une arriv\u00e9e le lundi matin, chapeau les Postes et T\u00e9l\u00e9graphes&nbsp;!<\/p>\n\n\n\n<figure class=\"wp-block-image size-large\"><img decoding=\"async\" src=\"https:\/\/hdnfamillesgenealogie.fr\/wp-content\/uploads\/2023\/08\/bailly-route-de-wassy-a-nully.jpg?w=1024\" alt=\"\" class=\"wp-image-2288\"\/><\/figure>\n\n\n\n<p class=\"has-small-font-size\"><em>Sources&nbsp;:<br>&#8211; Bailly-aux-Forges \u2013 Entr\u00e9e du Pays \u2013 Route de Vassy \u00e0 Nully, carte postale ancienne, collection personnelle.<br>&#8211; S\u00c9CHET, Guillaume, \u00ab&nbsp;Chronique 1911&nbsp;\u00bb, <a href=\"https:\/\/www.meteo-paris.com\/chronique\">https:\/\/www.meteo-paris.com\/chronique<\/a>, site personnel de Guillaume S\u00e9chet, m\u00e9t\u00e9orologiste et pr\u00e9sentateur m\u00e9t\u00e9o sur BFMTV, 2020, consultation du 19\/08\/2023.<br>&#8211; Mus\u00e9e de la poste, \u00ab&nbsp;Histoire des bo\u00eetes aux lettres&nbsp;\u00bb, <a href=\"https:\/\/www.museedelaposte.fr\/fr\/fiches-pedagogiques\">https:\/\/www.museedelaposte.fr\/fr\/fiches-pedagogiques<\/a>, site du mus\u00e9e, consultation du 19\/08\/2023.<\/em><\/p>\n\n\n\n<p>Pour visiter Bailly-aux-Forges et rencontrer ses habitants&nbsp;:<br>&#8211; <a href=\"https:\/\/histoiresdenosfamilles.wordpress.com\/2021\/08\/21\/rendez-vous-a-bailly-aux-forges\/\">Rendez-vous \u00e0 Bailly-aux-Forges<\/a><br>&#8211; <a href=\"https:\/\/histoiresdenosfamilles.wordpress.com\/2021\/08\/21\/bailly-aux-forges-aujourdhui\/\">Bailly-aux-Forges aujourd\u2019hui<\/a><br>&#8211; <a href=\"https:\/\/histoiresdenosfamilles.wordpress.com\/2021\/09\/27\/on-voit-grand-chez-les-legrand\/\">On voit grand chez les Legrand<\/a><br>&#8211; <a href=\"https:\/\/histoiresdenosfamilles.wordpress.com\/2021\/10\/03\/un-prenom-plus-lourd-quil-ny-parait\/\">Un pr\u00e9nom plus lourd qu\u2019il n\u2019y para\u00eet<\/a><br>&#8211; <a href=\"https:\/\/histoiresdenosfamilles.wordpress.com\/2021\/10\/16\/rendez-vous-numerique-avec-pipo\/\">Rendez-vous num\u00e9rique avec Pipo<\/a><\/p>\n","protected":false},"excerpt":{"rendered":"<p>Voici d\u00e9j\u00e0 le troisi\u00e8me samedi du mois. Qui vais-je rencontrer en ce jour de #RDVAncestral&nbsp;? Il fait beau, un tour de quantiquette me fera du bien. Faisons confiance \u00e0 l\u2019intuition. Je ferme les yeux, je r\u00e8gle le GPSQ, un tour \u00e0 droite, un tour \u00e0 gauche. Pour le d\u00e9marrage, il vaut mieux les rouvrir pour&hellip; <a class=\"more-link\" href=\"https:\/\/hdnfamillesgenealogie.fr\/index.php\/2023\/08\/19\/rendez-vous-postal\/\">Poursuivre la lecture <span class=\"screen-reader-text\">Rendez-vous postal<\/span><\/a><\/p>\n","protected":false},"author":1,"featured_media":2288,"comment_status":"open","ping_status":"open","sticky":false,"template":"","format":"standard","meta":{"advanced_seo_description":"","jetpack_seo_html_title":"","jetpack_seo_noindex":false,"jetpack_post_was_ever_published":false,"_jetpack_newsletter_access":"","_jetpack_dont_email_post_to_subs":false,"_jetpack_newsletter_tier_id":0,"_jetpack_memberships_contains_paywalled_content":false,"_jetpack_memberships_contains_paid_content":false,"footnotes":""},"categories":[6,9,10],"tags":[],"class_list":["post-2286","post","type-post","status-publish","format-standard","has-post-thumbnail","hentry","category-rdvancestral","category-cinet","category-haute-marne","entry"],"jetpack_featured_media_url":"https:\/\/hdnfamillesgenealogie.fr\/wp-content\/uploads\/2023\/08\/bailly-route-de-wassy-a-nully-scaled.jpg","jetpack_sharing_enabled":true,"_links":{"self":[{"href":"https:\/\/hdnfamillesgenealogie.fr\/index.php\/wp-json\/wp\/v2\/posts\/2286","targetHints":{"allow":["GET"]}}],"collection":[{"href":"https:\/\/hdnfamillesgenealogie.fr\/index.php\/wp-json\/wp\/v2\/posts"}],"about":[{"href":"https:\/\/hdnfamillesgenealogie.fr\/index.php\/wp-json\/wp\/v2\/types\/post"}],"author":[{"embeddable":true,"href":"https:\/\/hdnfamillesgenealogie.fr\/index.php\/wp-json\/wp\/v2\/users\/1"}],"replies":[{"embeddable":true,"href":"https:\/\/hdnfamillesgenealogie.fr\/index.php\/wp-json\/wp\/v2\/comments?post=2286"}],"version-history":[{"count":1,"href":"https:\/\/hdnfamillesgenealogie.fr\/index.php\/wp-json\/wp\/v2\/posts\/2286\/revisions"}],"predecessor-version":[{"id":2292,"href":"https:\/\/hdnfamillesgenealogie.fr\/index.php\/wp-json\/wp\/v2\/posts\/2286\/revisions\/2292"}],"wp:featuredmedia":[{"embeddable":true,"href":"https:\/\/hdnfamillesgenealogie.fr\/index.php\/wp-json\/wp\/v2\/media\/2288"}],"wp:attachment":[{"href":"https:\/\/hdnfamillesgenealogie.fr\/index.php\/wp-json\/wp\/v2\/media?parent=2286"}],"wp:term":[{"taxonomy":"category","embeddable":true,"href":"https:\/\/hdnfamillesgenealogie.fr\/index.php\/wp-json\/wp\/v2\/categories?post=2286"},{"taxonomy":"post_tag","embeddable":true,"href":"https:\/\/hdnfamillesgenealogie.fr\/index.php\/wp-json\/wp\/v2\/tags?post=2286"}],"curies":[{"name":"wp","href":"https:\/\/api.w.org\/{rel}","templated":true}]}}