{"id":2500,"date":"2023-11-18T15:36:54","date_gmt":"2023-11-18T14:36:54","guid":{"rendered":"https:\/\/hdnfamillesgenealogie.fr\/?p=2500"},"modified":"2023-11-18T15:41:25","modified_gmt":"2023-11-18T14:41:25","slug":"rendez-vous-a-valence","status":"publish","type":"post","link":"https:\/\/hdnfamillesgenealogie.fr\/index.php\/2023\/11\/18\/rendez-vous-a-valence\/","title":{"rendered":"Rendez-vous \u00e0 Valence"},"content":{"rendered":"\n<p>Cette ann\u00e9e, j\u2019ai r\u00e9solu de passer mon tour pour le challenge AZ. Avec la cr\u00e9ation de l\u2019\u00e9tude, cela me semblait plus raisonnable. Pourtant, j\u2019ai trouv\u00e9 le th\u00e8me depuis deux ans. Une rengaine ent\u00eatante, lancinante.<br>Pour le DU, d\u00e9j\u00e0, j\u2019avais report\u00e9 mon sujet et d\u00e9cid\u00e9 de rester avec les Jezequelou de Combrit.<\/p>\n\n\n\n<p>Nouveau report cette ann\u00e9e, mais pas d\u2019annulation&nbsp;: j\u2019ai tr\u00e8s envie de travailler sur ce th\u00e8me. Et aujourd\u2019hui, galop d\u2019essai&nbsp;! Un petit tour de g\u00e9n\u00e9alogie en chanson&nbsp;!<\/p>\n\n\n\n<p>La lettre du jour du #ChallengeAZ n\u2019est ni C, ni T, ni N. Tant pis. Depuis quelques jours, je fredonne un cet air joyeux\u00a0: <a href=\"https:\/\/www.ina.fr\/ina-eclaire-actu\/video\/i05047808\/charles-trenet-route-nationale-7\" target=\"_blank\" rel=\"noreferrer noopener\">Nationale 7<\/a>. Ma quantiquette en fr\u00e9tille d\u2019impatience.<br>Vroum, vroum\u00a0! Nous voici parties sur la route des vacances.<\/p>\n\n\n\n<blockquote class=\"wp-block-quote is-layout-flow wp-block-quote-is-layout-flow\">\n<p>Qui traverse la Bourgogne et la Provence<br>Qui fait d&rsquo; Paris un p&rsquo;tit faubourg d&rsquo;Valence<\/p>\n<cite>Nationale 7, paroles et musique de Charles Trenet<\/cite><\/blockquote>\n\n\n\n<p>Valence, j\u2019ai l\u2019impression que nous sommes arriv\u00e9es au lieu de notre rendez-vous. La quantiquette ralentit, puis s\u2019arr\u00eate. Le GPSQ indique que je suis \u00e0 l\u2019intersection des avenues Sadi Carnot et F\u00e9lix Faure. Appellations 2023, \u00e9videmment.<br>Pile sur le trac\u00e9 de la Nationale 7. Je range mon engin dans son sac.<\/p>\n\n\n\n<p>Trois hommes en v\u00eatements de travail s\u2019appr\u00eatent \u00e0 traverser la rue. Je les interpelle&nbsp;:<br>\u00ab&nbsp;Bonjour messieurs, pourriez-vous m\u2019indiquer o\u00f9 se trouve l\u2019h\u00f4tel de ville, s\u2019il vous plait&nbsp;?<br>&#8211; Vous avez de la chance, nous y allons. Je dois d\u00e9clarer la naissance de ma fille Louise Marguerite. Elle est n\u00e9e hier, le 3 ao\u00fbt 1844.&nbsp;\u00bb<\/p>\n\n\n\n<p>Le jeune homme est tout \u00e0 la fois r\u00e9joui et stress\u00e9. Le groupe h\u00e2te le pas. Je les suis avec peine.<\/p>\n\n\n\n<p>\u00ab&nbsp;Vous comprenez, c\u2019est mon premier enfant. Avec Victoire, ma femme, on attendait \u00e7a depuis deux ans.&nbsp;\u00bb<\/p>\n\n\n\n<p>Le souffle court, je suis incapable de r\u00e9pondre. Cela ne trouble pas mon interlocuteur, il poursuit.<br>Je comprends que j\u2019ai affaire \u00e0 Maurice Collin (1815-1886), l\u2019arri\u00e8re-grand-p\u00e8re de mon grand-p\u00e8re maternel. Vous savez, le petit gar\u00e7on qui \u00e9crivait une carte \u00e0 son p\u00e8re, le 24 d\u00e9cembre 1916.<\/p>\n\n\n\n<p>N\u00e9 \u00e0 Bussi\u00e8res-Les-Belmont, en Haute-Marne, Maurice a \u00e9pous\u00e9 Marguerite Victoire Charles (1823-1899). Il \u00e9tait menuisier, il est possible qu\u2019il ait effectu\u00e9 un tour de France. Il s\u2019est mari\u00e9 \u00e0 Bourg-L\u00e8s-Valence, ville d\u2019origine de la jeune femme.<br>Avant les noces, Victoire vivait chez ses parents, cultivateurs sur le domaine de Bougnols.<\/p>\n\n\n\n<p>Maurice est d\u00e9cid\u00e9ment tr\u00e8s excit\u00e9 par la naissance de son premier enfant.<br>Il me parle de toute sa belle-famille&nbsp;:<br>\u00ab&nbsp;Pour nos \u00e9pousailles, mes parents n\u2019ont pas fait le d\u00e9placement. Mais du c\u00f4t\u00e9 de Victoire, il y avait foule. Faut dire qu\u2019ils vivent tous dans le m\u00eame hameau de Bougnols. Quatre familles Charles. Celle de Fran\u00e7ois, celle de Louis, et puis encore Joseph, sans oublier mon beau-p\u00e8re, Pierre, ma belle-m\u00e8re, Marguerite et mes trois beaux-fr\u00e8res et ma belle-s\u0153ur.&nbsp;\u00bb<\/p>\n\n\n\n<p>Nous arrivons \u00e0 la mairie de Valence. Le plus \u00e2g\u00e9 des compagnons de Maurice prend la parole&nbsp;:<br>\u00ab&nbsp;Il est bient\u00f4t neuf heures, il est temps de la d\u00e9clarer cette petite. Qu\u2019est-ce t\u2019en dis Hyppolite&nbsp;?<br>&#8211; Pour s\u00fbr&nbsp;! Derri\u00e8re faut aller reprendre le boulot. Le patron va pas nous payer \u00e0 rien faire&nbsp;!&nbsp;\u00bb<\/p>\n\n\n\n<p>Maurice m\u2019explique qu\u2019ils sont tous trois menuisiers. On se salue, ils entrent \u00e0 l\u2019h\u00f4tel de ville, je leur dit que je pousse jusqu\u2019au temple. Maurice s\u2019exclame&nbsp;:<br>\u00ab&nbsp;C\u2019est l\u00e0 que j\u2019habite, la rue du Temple, la maison Tarel&nbsp;!&nbsp;\u00bb<\/p>\n\n\n\n<p>Les autres l\u2019entra\u00eenent \u00e0 l\u2019int\u00e9rieur. Pas le temps de lui demander des d\u00e9tails sur son arriv\u00e9e \u00e0 Valence, depuis sa Haute-Marne natale.<\/p>\n\n\n\n<p>Je sors la quantiquette de son sac.<br>Il faudra le revoir un jour, savoir comment il est retourn\u00e9 dans sa r\u00e9gion d\u2019origine. Pour l\u2019instant, d\u00e9marrage et retour en 2023.<\/p>\n\n\n\n<p class=\"has-extra-small-font-size\">Sources\u00a0:<br><a>&#8211; AD29 14 Fi 659-662, Les ch\u00e2taigniers de Kerzeoc\u2019h, 1930-1940, photographies.<br>&#8211; AD29 3 E 51\/8 Combrit, s\u00e9pultures, 1779-1792.<br>&#8211; BOUET, Alexandre, Galerie Bretonne ou vie des Bretons de l&rsquo;Armorique, Tome 3, Paris, Isidore Pezron Libraire-\u00c9diteur, 1838.<br>&#8211; J\u00c9Z\u00c9GOU, Micka\u00ebl, Arbres remarquables du Finist\u00e8re, Locus Solus, Nature Patrimoine, 2019.<br>&#8211; SUAR\u00c8S, Andr\u00e9, Le livre de l\u2019\u00e9meraude\u00a0: en Bretagne, Paris, Calmann-L\u00e9vy sans date, vers 1900.<br>&#8211; TORCHET, Herv\u00e9, Combrit, Sainte-Marine, l\u2019Ile-Tudy et Lambour au Moyen Age, Paris, La Perenne, 2013.<br><\/a>&#8211; TORCHET, Herv\u00e9, Combrit, Sainte-Marine, l\u2019Ile-Tudy et Lambour de 1500 \u00e0 1600, Paris, La Perenne, 2015.<br>&#8211; R\u00e9formations de la noblesse de Bretagne, consultable en ligne sur Gallica, <a href=\"https:\/\/gallica.bnf.fr\/ark:\/12148\/btv1b9062166p\/f222.item.zoom\">https:\/\/gallica.bnf.fr\/ark:\/12148\/btv1b9062166p\/f222.item.zoom<\/a><br>&#8211; <a href=\"https:\/\/www.fr.brezhoneg.bzh\/40-kerofis.htm\">www.fr.brezhoneg.bzh\/40-kerofis.htm<\/a><br>KerOfis, Base de donn\u00e9es du service Patrimoine linguistique et signalisation de l\u2019Office public de la langue bretonne, consultation du 25\/11\/2023.<br>&#8211; Centre G\u00e9n\u00e9alogique du Finist\u00e8re, Biblioth\u00e8que num\u00e9rique, Relev\u00e9s des archives du Finist\u00e8re 18 B 410, juridiction de la Baronnie du Pont, tutelles.<\/p>\n","protected":false},"excerpt":{"rendered":"<p>Cette ann\u00e9e, j\u2019ai r\u00e9solu de passer mon tour pour le challenge AZ. Avec la cr\u00e9ation de l\u2019\u00e9tude, cela me semblait plus raisonnable. Pourtant, j\u2019ai trouv\u00e9 le th\u00e8me depuis deux ans. Une rengaine ent\u00eatante, lancinante.Pour le DU, d\u00e9j\u00e0, j\u2019avais report\u00e9 mon sujet et d\u00e9cid\u00e9 de rester avec les Jezequelou de Combrit. Nouveau report cette ann\u00e9e, mais&hellip; <a class=\"more-link\" href=\"https:\/\/hdnfamillesgenealogie.fr\/index.php\/2023\/11\/18\/rendez-vous-a-valence\/\">Poursuivre la lecture <span class=\"screen-reader-text\">Rendez-vous \u00e0 Valence<\/span><\/a><\/p>\n","protected":false},"author":1,"featured_media":2501,"comment_status":"open","ping_status":"open","sticky":false,"template":"","format":"standard","meta":{"advanced_seo_description":"","jetpack_seo_html_title":"","jetpack_seo_noindex":false,"jetpack_post_was_ever_published":false,"_jetpack_newsletter_access":"","_jetpack_dont_email_post_to_subs":false,"_jetpack_newsletter_tier_id":0,"_jetpack_memberships_contains_paywalled_content":false,"_jetpack_memberships_contains_paid_content":false,"footnotes":""},"categories":[6,15],"tags":[],"class_list":["post-2500","post","type-post","status-publish","format-standard","has-post-thumbnail","hentry","category-rdvancestral","category-milliard","entry"],"jetpack_featured_media_url":"https:\/\/hdnfamillesgenealogie.fr\/wp-content\/uploads\/2023\/11\/Bourg-les-Valence_Le-quai-Thannaron_95-Fi-1154_Ad-Drome.jpg","jetpack_sharing_enabled":true,"_links":{"self":[{"href":"https:\/\/hdnfamillesgenealogie.fr\/index.php\/wp-json\/wp\/v2\/posts\/2500","targetHints":{"allow":["GET"]}}],"collection":[{"href":"https:\/\/hdnfamillesgenealogie.fr\/index.php\/wp-json\/wp\/v2\/posts"}],"about":[{"href":"https:\/\/hdnfamillesgenealogie.fr\/index.php\/wp-json\/wp\/v2\/types\/post"}],"author":[{"embeddable":true,"href":"https:\/\/hdnfamillesgenealogie.fr\/index.php\/wp-json\/wp\/v2\/users\/1"}],"replies":[{"embeddable":true,"href":"https:\/\/hdnfamillesgenealogie.fr\/index.php\/wp-json\/wp\/v2\/comments?post=2500"}],"version-history":[{"count":3,"href":"https:\/\/hdnfamillesgenealogie.fr\/index.php\/wp-json\/wp\/v2\/posts\/2500\/revisions"}],"predecessor-version":[{"id":2506,"href":"https:\/\/hdnfamillesgenealogie.fr\/index.php\/wp-json\/wp\/v2\/posts\/2500\/revisions\/2506"}],"wp:featuredmedia":[{"embeddable":true,"href":"https:\/\/hdnfamillesgenealogie.fr\/index.php\/wp-json\/wp\/v2\/media\/2501"}],"wp:attachment":[{"href":"https:\/\/hdnfamillesgenealogie.fr\/index.php\/wp-json\/wp\/v2\/media?parent=2500"}],"wp:term":[{"taxonomy":"category","embeddable":true,"href":"https:\/\/hdnfamillesgenealogie.fr\/index.php\/wp-json\/wp\/v2\/categories?post=2500"},{"taxonomy":"post_tag","embeddable":true,"href":"https:\/\/hdnfamillesgenealogie.fr\/index.php\/wp-json\/wp\/v2\/tags?post=2500"}],"curies":[{"name":"wp","href":"https:\/\/api.w.org\/{rel}","templated":true}]}}