{"id":2657,"date":"2024-04-07T16:59:17","date_gmt":"2024-04-07T14:59:17","guid":{"rendered":"https:\/\/hdnfamillesgenealogie.fr\/?p=2657"},"modified":"2024-04-08T20:59:08","modified_gmt":"2024-04-08T18:59:08","slug":"une-porte-en-bois","status":"publish","type":"post","link":"https:\/\/hdnfamillesgenealogie.fr\/index.php\/2024\/04\/07\/une-porte-en-bois\/","title":{"rendered":"Une porte en bois"},"content":{"rendered":"\n<p>Challenge photographique d\u2019UPro-G, d\u00e9but avril, ne te d\u00e9couvre pas d\u2019un fil. Se mettre \u00e0 l\u2019abri, franchir une porte en bois.<\/p>\n\n\n\n<p>Nous sommes en C\u00f4te d\u2019Or, au hameau de Suze, \u00e0 Marcheseuil.<\/p>\n\n\n\n<p>Je ne suis jamais all\u00e9e l\u00e0-bas, mais, il y a quelques ann\u00e9es, j\u2019ai fait appel \u00e0 l\u2019entraide g\u00e9ographique de Geneanet. Je cherchai un de mes arri\u00e8re-grands-oncles, Georges Brault.<\/p>\n\n\n\n<p>Georges est n\u00e9 \u00e0 Gentilly, en R\u00e9gion Parisienne, le 18 d\u00e9cembre 1885. Avant lui, Mathilde Hillairet a d\u00e9j\u00e0 mis au monde trois enfants, Am\u00e9lie Brault, mon arri\u00e8re-grand-m\u00e8re, une petite Mathilde, qui est d\u00e9c\u00e9d\u00e9e \u00e0 deux mois, et Charles, pas tout \u00e0 fait quatre ans \u00e0 la naissance de son fr\u00e8re.<\/p>\n\n\n\n<p>Mathilde et Auguste Brault, les parents de Georges, ne sont pas riches. C\u2019est le moins qu\u2019on puisse dire. Pire encore, leur situation financi\u00e8re se d\u00e9t\u00e9riore au fil des ann\u00e9es. En ao\u00fbt 1890, quand un dernier gar\u00e7on vient au monde, Gaston, c\u2019est la catastrophe. Son mari sans travail, elle couturi\u00e8re, gagnant peu, Mathilde n\u2019a plus le choix. Elle est oblig\u00e9e de commettre l\u2019irr\u00e9parable&nbsp;: confier ses quatre petits \u00e0 l\u2019Assistance Publique de Paris.<\/p>\n\n\n\n<p>Avec ses fr\u00e8res et sa s\u0153ur a\u00een\u00e9e, Georges est emmen\u00e9 \u00e0 Arnay-Le-Duc, \u00e0 l\u2019agence des enfants assist\u00e9s de la Seine, puis plac\u00e9 chez les Labille, un couple de paysans sans enfants de Suze.<\/p>\n\n\n\n<p>Le jeune gar\u00e7on grandit l\u00e0, tant bien que mal. Un gentil petit \u00e0 n\u2019en pas douter, de sant\u00e9 fragile.<\/p>\n\n\n\n<p>\u00c0 dix-huit ans, Georges est incapable de travailler. Il est atteint d\u2019une tumeur goitreuse. \u00c0 Arnay-Le-Duc, le m\u00e9decin du Service des Enfants Assist\u00e9s de la Seine, pose le diagnostic, d\u00e9crit la tumeur. Elle occasionne de l\u2019enrouement et des acc\u00e8s d\u2019oppression. Georges ne tient m\u00eame plus sur ses jambes, partiellement paralys\u00e9es. Il est d\u2019une faiblesse extr\u00eame.<\/p>\n\n\n\n<p>Georges est de nouveau plac\u00e9 chez les Labille. Le service prend en charge les frais n\u00e9cessaires \u00e0 son entretien et les soins qu\u2019il doit recevoir. Mais le jeune homme s\u2019affaiblit de jour en jour. Rapport m\u00e9dical \u00e0 l\u2019appui, le directeur de l\u2019agence de l\u2019Assistance Publique demande une intervention chirurgicale.<\/p>\n\n\n\n<p>Le 3 novembre 1904, Georges rentre en C\u00f4te d\u2019Or, gu\u00e9ri apr\u00e8s son s\u00e9jour \u00e0 l\u2019h\u00f4pital Cochin.<\/p>\n\n\n\n<p>En 1905, comme tous les gar\u00e7ons dans leur vingti\u00e8me ann\u00e9e, Georges se pr\u00e9sente au recensement militaire. Cheveux ch\u00e2tains, yeux gris clair, visage ovale, gros nez, le jeune homme garde grav\u00e9 dans son corps ses ennuis de sant\u00e9. Il mesure un m\u00e8tre quarante. Il est exempt\u00e9.<\/p>\n\n\n\n<p>Puis la Grande Guerre le rattrape. La France a besoin d\u2019hommes, alors Georges est affect\u00e9 au 16<sup>e<\/sup> R\u00e9giment de Chasseurs, le 15 janvier 1915, puis il passe au 13<sup>e<\/sup> r\u00e9giment de dragons, \u00e0 Melun, en juillet suivant.<\/p>\n\n\n\n<p>Mais d\u00e9cid\u00e9ment m\u00eame pour les services auxiliaires, ce n\u2019est pas possible, Georges est r\u00e9form\u00e9 n\u00b02 pour d\u00e9faut de d\u00e9veloppement et rhumatisme. Il est renvoy\u00e9 dans ses foyers le 6 novembre 1915.<\/p>\n\n\n\n<p>Le jeune retourne de nouveau \u00e0 Suze chez les Labille. Il y passe sa vie. Pour l\u2019enfant assist\u00e9 de la Seine, le village de C\u00f4te d\u2019Or est son seul foyer. Georges ne se marie pas, n\u2019a pas d\u2019enfant. Il prend soin de sa nourrice, Jeanne Perrin, la femme Labille, \u00e0 moins que ce ne soit-elle qui prenne soin de lui&nbsp;?<\/p>\n\n\n\n<p>1936, le recensement de population de Marcheseuil, garde trace de Georges&nbsp;: Suze, maison 56, m\u00e9nage 47, individu 146, Brault Georges, 1885, Paris, cultivateur, chez divers. Divers employeurs pour le quinquag\u00e9naire.<\/p>\n\n\n\n<p>Et ensuite&nbsp;? J\u2019ai fait appel \u00e0 l\u2019entraide g\u00e9ographique. Tr\u00e8s rapidement, j\u2019ai eu une r\u00e9ponse. Comme il m\u2019est toujours difficile d\u2019en parler, je laisse place au mail et aux photos qu\u2019une g\u00e9n\u00e9anaute bien bienveillante m\u2019a adress\u00e9es. Mille mercis \u00e0 elle.<\/p>\n\n\n\n<p><em>Bonjour,<\/em><\/p>\n\n\n\n<p><em>Je me suis d\u00e9plac\u00e9e ce matin \u00e0 la mairie de Marcheseuil et j&rsquo;y ai trouv\u00e9 la date du d\u00e9c\u00e8s de Guillaume Labille : le 21\/01\/1912.<\/em><\/p>\n\n\n\n<p><em>Par contre,<\/em><em> il n&rsquo;y a pas de trace du d\u00e9c\u00e8s de son \u00e9pouse Jeanne Perrin, ni de traces du d\u00e9c\u00e8s de Georges Brault.<\/em><\/p>\n\n\n\n<p><em>Je suis all\u00e9e \u00e0 Suze parler avec les personnes les plus \u00e2g\u00e9es du hameau et j&rsquo;ai pu discuter avec Monsieur Labille, qui est n\u00e9 en 1940. Il m&rsquo;affirme qu&rsquo;il ne fait pas partie de la famille de Guillaume Labille et Jeanne Perrin, mais se souvient des anciens qui parlaient encore de Georges Brault.<\/em><\/p>\n\n\n\n<p><em>Il m&rsquo;a dit que \u00a0\u00bb Georges Brault a termin\u00e9 sa vie dans une grande mis\u00e8re et qu&rsquo;il \u00e9tait contraint de passer dans certaines maisons avec une b\u00e2che <\/em><em>(un sac en toile de jute) pour demander \u00e0 manger. Certaines personnes lui donnaient du pain ou du fromage\u201d.<\/em><\/p>\n\n\n\n<p><em>Si l&rsquo;on ne trouve pas trace de son d\u00e9c\u00e8s dans les registres, c&rsquo;est qu&rsquo;il est tr\u00e8s certainement d\u00e9c\u00e9d\u00e9 aux hospices de Beaune (le fameux h\u00f4tel dieu avec ses tuiles verniss\u00e9es).<\/em><\/p>\n\n\n\n<p><em>\u00c0 cette \u00e9poque les personnes sans famille, ou sans ressource, \u00e9taient transport\u00e9es \u00e0 Beaune pour y finir leur vie. Il en est probablement de m\u00eame pour Jeanne Perrin \u00e9pouse Labille.<\/em><\/p>\n\n\n\n<p><em>Je me suis rendue sur le lieu de son ancienne maison qui \u00e9tait rachet\u00e9e, mais qui est rest\u00e9e en l&rsquo;\u00e9tat, et que les gens du village appellent encore la grange \u00e0 Brault.<\/em><\/p>\n\n\n\n<p><em>Je vous ai fait quelques photos.<\/em><\/p>\n\n\n\n<p><em>On peut encore voir la minuscule pi\u00e8ce dans laquelle il logeait.<\/em><\/p>\n\n\n\n<p><em>Je vais me rendre au cimeti\u00e8re de Marcheseuil pour chercher la tombe de Guillaume Labille,<\/em><em> mais je suis persuad\u00e9e qu&rsquo;elle a \u00e9t\u00e9 relev\u00e9e et qu&rsquo;elle n&rsquo;existe plus.<\/em><\/p>\n\n\n\n<p><em>Bien cordialement,<\/em> <\/p>\n\n\n\n<figure class=\"wp-block-gallery has-nested-images columns-default is-cropped wp-block-gallery-1 is-layout-flex wp-block-gallery-is-layout-flex\">\n<figure class=\"wp-block-image size-large\"><img loading=\"lazy\" decoding=\"async\" width=\"1024\" height=\"701\" data-id=\"2661\" src=\"https:\/\/hdnfamillesgenealogie.fr\/wp-content\/uploads\/2024\/04\/Dom-BRAULT-Georges-la-grange-a-Brault-6-1024x701.jpg\" alt=\"\" class=\"wp-image-2661\" srcset=\"https:\/\/hdnfamillesgenealogie.fr\/wp-content\/uploads\/2024\/04\/Dom-BRAULT-Georges-la-grange-a-Brault-6-1024x701.jpg 1024w, https:\/\/hdnfamillesgenealogie.fr\/wp-content\/uploads\/2024\/04\/Dom-BRAULT-Georges-la-grange-a-Brault-6-300x205.jpg 300w, https:\/\/hdnfamillesgenealogie.fr\/wp-content\/uploads\/2024\/04\/Dom-BRAULT-Georges-la-grange-a-Brault-6-768x526.jpg 768w, https:\/\/hdnfamillesgenealogie.fr\/wp-content\/uploads\/2024\/04\/Dom-BRAULT-Georges-la-grange-a-Brault-6-1536x1052.jpg 1536w, https:\/\/hdnfamillesgenealogie.fr\/wp-content\/uploads\/2024\/04\/Dom-BRAULT-Georges-la-grange-a-Brault-6-1568x1074.jpg 1568w, https:\/\/hdnfamillesgenealogie.fr\/wp-content\/uploads\/2024\/04\/Dom-BRAULT-Georges-la-grange-a-Brault-6.jpg 1618w\" sizes=\"auto, (max-width: 1024px) 100vw, 1024px\" \/><\/figure>\n\n\n\n<figure class=\"wp-block-image size-large\"><img loading=\"lazy\" decoding=\"async\" width=\"1024\" height=\"576\" data-id=\"2663\" src=\"https:\/\/hdnfamillesgenealogie.fr\/wp-content\/uploads\/2024\/04\/Dom-BRAULT-Georges-la-grange-a-Brault-4-1024x576.jpg\" alt=\"\" class=\"wp-image-2663\" srcset=\"https:\/\/hdnfamillesgenealogie.fr\/wp-content\/uploads\/2024\/04\/Dom-BRAULT-Georges-la-grange-a-Brault-4-1024x576.jpg 1024w, https:\/\/hdnfamillesgenealogie.fr\/wp-content\/uploads\/2024\/04\/Dom-BRAULT-Georges-la-grange-a-Brault-4-300x169.jpg 300w, https:\/\/hdnfamillesgenealogie.fr\/wp-content\/uploads\/2024\/04\/Dom-BRAULT-Georges-la-grange-a-Brault-4-768x432.jpg 768w, https:\/\/hdnfamillesgenealogie.fr\/wp-content\/uploads\/2024\/04\/Dom-BRAULT-Georges-la-grange-a-Brault-4-1536x864.jpg 1536w, https:\/\/hdnfamillesgenealogie.fr\/wp-content\/uploads\/2024\/04\/Dom-BRAULT-Georges-la-grange-a-Brault-4-2048x1152.jpg 2048w, https:\/\/hdnfamillesgenealogie.fr\/wp-content\/uploads\/2024\/04\/Dom-BRAULT-Georges-la-grange-a-Brault-4-1568x882.jpg 1568w\" sizes=\"auto, (max-width: 1024px) 100vw, 1024px\" \/><\/figure>\n\n\n\n<figure class=\"wp-block-image size-large\"><img loading=\"lazy\" decoding=\"async\" width=\"1024\" height=\"576\" data-id=\"2662\" src=\"https:\/\/hdnfamillesgenealogie.fr\/wp-content\/uploads\/2024\/04\/Dom-BRAULT-Georges-la-grange-a-Brault-2-1024x576.jpg\" alt=\"\" class=\"wp-image-2662\" srcset=\"https:\/\/hdnfamillesgenealogie.fr\/wp-content\/uploads\/2024\/04\/Dom-BRAULT-Georges-la-grange-a-Brault-2-1024x576.jpg 1024w, https:\/\/hdnfamillesgenealogie.fr\/wp-content\/uploads\/2024\/04\/Dom-BRAULT-Georges-la-grange-a-Brault-2-300x169.jpg 300w, https:\/\/hdnfamillesgenealogie.fr\/wp-content\/uploads\/2024\/04\/Dom-BRAULT-Georges-la-grange-a-Brault-2-768x432.jpg 768w, https:\/\/hdnfamillesgenealogie.fr\/wp-content\/uploads\/2024\/04\/Dom-BRAULT-Georges-la-grange-a-Brault-2-1536x864.jpg 1536w, https:\/\/hdnfamillesgenealogie.fr\/wp-content\/uploads\/2024\/04\/Dom-BRAULT-Georges-la-grange-a-Brault-2-2048x1152.jpg 2048w, https:\/\/hdnfamillesgenealogie.fr\/wp-content\/uploads\/2024\/04\/Dom-BRAULT-Georges-la-grange-a-Brault-2-1568x882.jpg 1568w\" sizes=\"auto, (max-width: 1024px) 100vw, 1024px\" \/><\/figure>\n\n\n\n<figure class=\"wp-block-image size-large\"><img loading=\"lazy\" decoding=\"async\" width=\"535\" height=\"1024\" data-id=\"2659\" src=\"https:\/\/hdnfamillesgenealogie.fr\/wp-content\/uploads\/2024\/04\/Dom-BRAULT-Georges-la-grange-a-Brault-5-535x1024.jpg\" alt=\"\" class=\"wp-image-2659\" srcset=\"https:\/\/hdnfamillesgenealogie.fr\/wp-content\/uploads\/2024\/04\/Dom-BRAULT-Georges-la-grange-a-Brault-5-535x1024.jpg 535w, https:\/\/hdnfamillesgenealogie.fr\/wp-content\/uploads\/2024\/04\/Dom-BRAULT-Georges-la-grange-a-Brault-5-157x300.jpg 157w, https:\/\/hdnfamillesgenealogie.fr\/wp-content\/uploads\/2024\/04\/Dom-BRAULT-Georges-la-grange-a-Brault-5.jpg 707w\" sizes=\"auto, (max-width: 535px) 100vw, 535px\" \/><\/figure>\n\n\n\n<figure class=\"wp-block-image size-large\"><img loading=\"lazy\" decoding=\"async\" width=\"576\" height=\"1024\" data-id=\"2660\" src=\"https:\/\/hdnfamillesgenealogie.fr\/wp-content\/uploads\/2024\/04\/Dom-BRAULT-Georges-La-grange-a-Brault-1-576x1024.jpg\" alt=\"\" class=\"wp-image-2660\" srcset=\"https:\/\/hdnfamillesgenealogie.fr\/wp-content\/uploads\/2024\/04\/Dom-BRAULT-Georges-La-grange-a-Brault-1-576x1024.jpg 576w, https:\/\/hdnfamillesgenealogie.fr\/wp-content\/uploads\/2024\/04\/Dom-BRAULT-Georges-La-grange-a-Brault-1-169x300.jpg 169w, https:\/\/hdnfamillesgenealogie.fr\/wp-content\/uploads\/2024\/04\/Dom-BRAULT-Georges-La-grange-a-Brault-1-768x1365.jpg 768w, https:\/\/hdnfamillesgenealogie.fr\/wp-content\/uploads\/2024\/04\/Dom-BRAULT-Georges-La-grange-a-Brault-1-864x1536.jpg 864w, https:\/\/hdnfamillesgenealogie.fr\/wp-content\/uploads\/2024\/04\/Dom-BRAULT-Georges-La-grange-a-Brault-1-1152x2048.jpg 1152w, https:\/\/hdnfamillesgenealogie.fr\/wp-content\/uploads\/2024\/04\/Dom-BRAULT-Georges-La-grange-a-Brault-1-1568x2788.jpg 1568w, https:\/\/hdnfamillesgenealogie.fr\/wp-content\/uploads\/2024\/04\/Dom-BRAULT-Georges-La-grange-a-Brault-1-scaled.jpg 1440w\" sizes=\"auto, (max-width: 576px) 100vw, 576px\" \/><\/figure>\n<\/figure>\n\n\n\n<p class=\"has-small-font-size\">Sources&nbsp;:<br \/>&#8211; Archives d\u00e9partementales du Val-de-Marne, 1MI 002127, \u00e9tat civil de Gentilly, 1885.<br \/>&#8211; Archives de Paris, D3X4&nbsp;184, r\u00e9pertoire enfants assist\u00e9s de la Seine.<br \/>&#8211; Archives de Paris, D5X4 1063 matricule 96961, dossier d\u2019admission de Brault Georges.<br \/>&#8211; Archives d\u00e9partementales de C\u00f4te d\u2019Or, 10 M 376-11 \u00e0 17, recensements de population de Marcheseuil.<br \/>&#8211; Archives d\u00e9partementales de C\u00f4te d\u2019Or, R 2402, registres matricules, classe de 1905, Auxonne, matricule 1370.<br \/><\/p>\n","protected":false},"excerpt":{"rendered":"<p>Challenge photographique d\u2019UPro-G, d\u00e9but avril, ne te d\u00e9couvre pas d\u2019un fil. Se mettre \u00e0 l\u2019abri, franchir une porte en bois. Nous sommes en C\u00f4te d\u2019Or, au hameau de Suze, \u00e0 Marcheseuil. Je ne suis jamais all\u00e9e l\u00e0-bas, mais, il y a quelques ann\u00e9es, j\u2019ai fait appel \u00e0 l\u2019entraide g\u00e9ographique de Geneanet. Je cherchai un de&hellip; <a class=\"more-link\" href=\"https:\/\/hdnfamillesgenealogie.fr\/index.php\/2024\/04\/07\/une-porte-en-bois\/\">Poursuivre la lecture <span class=\"screen-reader-text\">Une porte en bois<\/span><\/a><\/p>\n","protected":false},"author":1,"featured_media":2658,"comment_status":"open","ping_status":"open","sticky":false,"template":"","format":"standard","meta":{"advanced_seo_description":"","jetpack_seo_html_title":"","jetpack_seo_noindex":false,"jetpack_post_was_ever_published":false,"_jetpack_newsletter_access":"","_jetpack_dont_email_post_to_subs":false,"_jetpack_newsletter_tier_id":0,"_jetpack_memberships_contains_paywalled_content":false,"_jetpack_memberships_contains_paid_content":false,"footnotes":""},"categories":[30,15],"tags":[],"class_list":["post-2657","post","type-post","status-publish","format-standard","has-post-thumbnail","hentry","category-projet52uprog","category-milliard","entry"],"jetpack_featured_media_url":"https:\/\/hdnfamillesgenealogie.fr\/wp-content\/uploads\/2024\/04\/Dom-BRAULT-Georges-la-grange-a-Brault-7.jpg","jetpack_sharing_enabled":true,"_links":{"self":[{"href":"https:\/\/hdnfamillesgenealogie.fr\/index.php\/wp-json\/wp\/v2\/posts\/2657","targetHints":{"allow":["GET"]}}],"collection":[{"href":"https:\/\/hdnfamillesgenealogie.fr\/index.php\/wp-json\/wp\/v2\/posts"}],"about":[{"href":"https:\/\/hdnfamillesgenealogie.fr\/index.php\/wp-json\/wp\/v2\/types\/post"}],"author":[{"embeddable":true,"href":"https:\/\/hdnfamillesgenealogie.fr\/index.php\/wp-json\/wp\/v2\/users\/1"}],"replies":[{"embeddable":true,"href":"https:\/\/hdnfamillesgenealogie.fr\/index.php\/wp-json\/wp\/v2\/comments?post=2657"}],"version-history":[{"count":4,"href":"https:\/\/hdnfamillesgenealogie.fr\/index.php\/wp-json\/wp\/v2\/posts\/2657\/revisions"}],"predecessor-version":[{"id":2668,"href":"https:\/\/hdnfamillesgenealogie.fr\/index.php\/wp-json\/wp\/v2\/posts\/2657\/revisions\/2668"}],"wp:featuredmedia":[{"embeddable":true,"href":"https:\/\/hdnfamillesgenealogie.fr\/index.php\/wp-json\/wp\/v2\/media\/2658"}],"wp:attachment":[{"href":"https:\/\/hdnfamillesgenealogie.fr\/index.php\/wp-json\/wp\/v2\/media?parent=2657"}],"wp:term":[{"taxonomy":"category","embeddable":true,"href":"https:\/\/hdnfamillesgenealogie.fr\/index.php\/wp-json\/wp\/v2\/categories?post=2657"},{"taxonomy":"post_tag","embeddable":true,"href":"https:\/\/hdnfamillesgenealogie.fr\/index.php\/wp-json\/wp\/v2\/tags?post=2657"}],"curies":[{"name":"wp","href":"https:\/\/api.w.org\/{rel}","templated":true}]}}