{"id":2848,"date":"2024-09-21T07:00:00","date_gmt":"2024-09-21T05:00:00","guid":{"rendered":"https:\/\/hdnfamillesgenealogie.fr\/?p=2848"},"modified":"2024-09-19T18:06:38","modified_gmt":"2024-09-19T16:06:38","slug":"une-rentree-parisienne","status":"publish","type":"post","link":"https:\/\/hdnfamillesgenealogie.fr\/index.php\/2024\/09\/21\/une-rentree-parisienne\/","title":{"rendered":"Une rentr\u00e9e parisienne"},"content":{"rendered":"\n<figure class=\"wp-block-image size-large\"><img loading=\"lazy\" decoding=\"async\" width=\"1024\" height=\"646\" src=\"https:\/\/hdnfamillesgenealogie.fr\/wp-content\/uploads\/2024\/09\/Lannion_Place-du-centre_Capture-decran-2024-09-17-Ebay-1024x646.jpg\" alt=\"\" class=\"wp-image-2849\" srcset=\"https:\/\/hdnfamillesgenealogie.fr\/wp-content\/uploads\/2024\/09\/Lannion_Place-du-centre_Capture-decran-2024-09-17-Ebay-1024x646.jpg 1024w, https:\/\/hdnfamillesgenealogie.fr\/wp-content\/uploads\/2024\/09\/Lannion_Place-du-centre_Capture-decran-2024-09-17-Ebay-300x189.jpg 300w, https:\/\/hdnfamillesgenealogie.fr\/wp-content\/uploads\/2024\/09\/Lannion_Place-du-centre_Capture-decran-2024-09-17-Ebay-768x484.jpg 768w, https:\/\/hdnfamillesgenealogie.fr\/wp-content\/uploads\/2024\/09\/Lannion_Place-du-centre_Capture-decran-2024-09-17-Ebay.jpg 1047w\" sizes=\"auto, (max-width: 1024px) 100vw, 1024px\" \/><figcaption class=\"wp-element-caption\">Lannion, place du march\u00e9, capture d\u2019\u00e9cran Ebay 17\/09\/2024.<\/figcaption><\/figure>\n\n\n\n<p>\u00c7a a du bon de visiter le XXe si\u00e8cle. La quantiquette peut passer inaper\u00e7ue. Je range mon engin \u00e0 voyager dans le temps \u00e0 proximit\u00e9 des trottinettes des jeunes lannionnais. \u00c9videmment le look de ma machine est assez diff\u00e9rent de celui de ses voisines, mais avec un sac de jute par-dessus, je parviens \u00e0 dissimuler moteur et GPSQ. Sur la place du centre, je fl\u00e2ne entre les \u00e9tals du march\u00e9.<\/p>\n\n\n\n<p>Mon but est atteint, je suis \u00e0 Lannion. Le journal, que tient un homme, compl\u00e8te mon information&nbsp;: 1<sup>er<\/sup> octobre 1925. Un peu plus loin, un petit attroupement. Ne serait-ce pas la personne que je cherche&nbsp;? Je savais en venant un jeudi que j\u2019avais toutes les chances de rencontrer Honorine. Un petit groupe de femmes se presse autour d\u2019elle. C\u2019est s\u00fbr, Madame Marzin, n\u00e9e Le Tensorer, a des choses \u00e0 raconter aujourd\u2019hui. Je m\u2019approche de mani\u00e8re \u00e0 suivre la conversation des Tr\u00e9gorroises.<\/p>\n\n\n\n<p>Honorine, est \u00e9mue. Elle explique \u00e0 ses connaissances et amies que son fils a\u00een\u00e9, Pierre, fait sa rentr\u00e9e dans la capitale, \u00e0 l\u2019\u00c9cole Polytechnique.<\/p>\n\n\n\n<p>\u00ab&nbsp;Mais il doit \u00eatre bien seul dans la capitale&nbsp;?&nbsp;\u00bb s\u2019inqui\u00e8te une compagne.<br>\u00ab&nbsp;Le beau-fr\u00e8re de Monsieur Colvez, l\u2019ancien instituteur de Pierre, vit avec sa femme \u00e0 Paris. Ils n\u2019ont pas d\u2019enfant et se proposent de s\u2019occuper de lui comme d\u2019un fils. Cela me rassure. Il n\u2019y a pas si longtemps, ce gar\u00e7on avait une sant\u00e9 fragile. Angine sur angine&nbsp;! Et puis distrait avec \u00e7a, combien de fois n\u2019a-t-il pas failli avoir un accident&nbsp;! Je crois qu\u2019il r\u00e9fl\u00e9chissait trop, toujours absorb\u00e9 par quelque invention ou exp\u00e9rience.&nbsp;\u00bb<\/p>\n\n\n\n<p>Une dame bien mise demande&nbsp;:<br>\u00ab&nbsp; Il a suivi sa scolarit\u00e9 au lyc\u00e9e Saint-Joseph&nbsp;?<br>&#8211; Non, nous avons pr\u00e9f\u00e9r\u00e9 le coll\u00e8ge municipal. Il y est entr\u00e9 \u00e0 six ans et rest\u00e9 jusqu\u2019en terminale. D\u00e8s la 8<sup>e<\/sup>, il a appris le latin*. \u00c0 quinze ans, il s\u2019est inscrit au baccalaur\u00e9at. Pour la premi\u00e8re partie, il a pass\u00e9 douze \u00e9preuves et puis encore six pour la deuxi\u00e8me partie.<br>&#8211; Vous avez d\u00fb \u00eatre fiers quand il a \u00e9t\u00e9 re\u00e7u&nbsp;?&nbsp;\u00bb s\u2019exclame une autre femme.<\/p>\n\n\n\n<p>\u00ab&nbsp;Avoir son nom dans le journal, ce n\u2019est pas donn\u00e9 \u00e0 tout le monde&nbsp;!&nbsp;<br>&#8211; Dix-neuf admis \u00e0 la mention Math\u00e9matiques pour tout le d\u00e9partement. Pierre est ensuite parti en pension au lyc\u00e9e de Rennes. Il a \u00e9tudi\u00e9 en classe pr\u00e9paratoire. Il a r\u00e9ussi le concours d\u2019entr\u00e9e de l\u2019\u00c9cole Centrale. Malheureusement, elle est trop co\u00fbteuse pour nous. Il a donc fait une ann\u00e9e suppl\u00e9mentaire pour entrer \u00e0 Polytechnique. Il va pouvoir obtenir une bourse du Minist\u00e8re de la Guerre.&nbsp;\u00bb<\/p>\n\n\n\n<p>Honorine essuie une larme et ajoute&nbsp;: \u00ab&nbsp;Et voil\u00e0, il commence aujourd\u2019hui&nbsp;!&nbsp;\u00bb<\/p>\n\n\n\n<p>Mais une bretonne ne saurait se laisser aller \u00e0 l\u2019\u00e9motion trop longtemps. Pour faire diversion, sa voisine fait mine de s\u2019int\u00e9resser \u00e0 l\u2019\u00e9tal le plus proche. Le petit groupe \u00e9change quelques banalit\u00e9s et se s\u00e9pare. Je m\u2019\u00e9loigne de m\u00eame, les pens\u00e9es se pressent&nbsp;: Qu\u2019est-ce qu\u2019elle sera fi\u00e8re, Honorine Le Tensorer, dans quelques ann\u00e9es&nbsp;! Apr\u00e8s Polytechnique, son fils, Pierre Marzin, int\u00e8gre l\u2019\u00c9cole nationale sup\u00e9rieure des postes et t\u00e9l\u00e9communications. Il est nomm\u00e9 ing\u00e9nieur ordinaire, monte rapidement dans la hi\u00e9rarchie des t\u00e9l\u00e9communications. La Tr\u00e9gorroise est t\u00e9moin de sa nomination comme chevalier puis officier de la L\u00e9gion d\u2019honneur. D\u00e9c\u00e9d\u00e9e en 1949, la m\u00e8re de famille n\u2019a pas connu le renouveau de Lannion, la cr\u00e9ation de la station spatiale de Pleumeur-Bodou. Elle n\u2019a pas vu son a\u00een\u00e9 \u00e9lu maire, devenir s\u00e9nateur des C\u00f4tes-du-Nord. \u00c0 moins que\u2026<\/p>\n\n\n\n<p>Le sac de jute a gliss\u00e9 au bas de la quantiquette. Les \u00e9tals sont vides. Il est temps pour moi de rejoindre le XXIe si\u00e8cle.<\/p>\n\n\n\n<p class=\"has-small-font-size\">*La 8<sup>e<\/sup> correspond au CM1.<\/p>\n\n\n\n<p class=\"has-small-font-size\">Sources\u00a0:<br>&#8211; Gallica, Ouest \u00c9clair \u00c9d. Nantes 18 juillet 1922.<br>&#8211; DEMOURON, Fr\u00e9d\u00e9ric, <em>Pierre Marzin, ing\u00e9nieur des T\u00e9l\u00e9communications<\/em>, M\u00e9moire de ma\u00eetrise (Paris-Sorbonne), Dir. Pascal Griset, 2004.<\/p>\n","protected":false},"excerpt":{"rendered":"<p>\u00c7a a du bon de visiter le XXe si\u00e8cle. La quantiquette peut passer inaper\u00e7ue. Je range mon engin \u00e0 voyager dans le temps \u00e0 proximit\u00e9 des trottinettes des jeunes lannionnais. \u00c9videmment le look de ma machine est assez diff\u00e9rent de celui de ses voisines, mais avec un sac de jute par-dessus, je parviens \u00e0 dissimuler&hellip; <a class=\"more-link\" href=\"https:\/\/hdnfamillesgenealogie.fr\/index.php\/2024\/09\/21\/une-rentree-parisienne\/\">Poursuivre la lecture <span class=\"screen-reader-text\">Une rentr\u00e9e parisienne<\/span><\/a><\/p>\n","protected":false},"author":1,"featured_media":2849,"comment_status":"open","ping_status":"open","sticky":false,"template":"","format":"standard","meta":{"advanced_seo_description":"","jetpack_seo_html_title":"","jetpack_seo_noindex":false,"jetpack_post_was_ever_published":false,"_jetpack_newsletter_access":"","_jetpack_dont_email_post_to_subs":false,"_jetpack_newsletter_tier_id":0,"_jetpack_memberships_contains_paywalled_content":false,"_jetpack_memberships_contains_paid_content":false,"footnotes":""},"categories":[5,6,13],"tags":[],"class_list":["post-2848","post","type-post","status-publish","format-standard","has-post-thumbnail","hentry","category-geneathemes","category-rdvancestral","category-marzin","entry"],"jetpack_featured_media_url":"https:\/\/hdnfamillesgenealogie.fr\/wp-content\/uploads\/2024\/09\/Lannion_Place-du-centre_Capture-decran-2024-09-17-Ebay.jpg","jetpack_sharing_enabled":true,"_links":{"self":[{"href":"https:\/\/hdnfamillesgenealogie.fr\/index.php\/wp-json\/wp\/v2\/posts\/2848","targetHints":{"allow":["GET"]}}],"collection":[{"href":"https:\/\/hdnfamillesgenealogie.fr\/index.php\/wp-json\/wp\/v2\/posts"}],"about":[{"href":"https:\/\/hdnfamillesgenealogie.fr\/index.php\/wp-json\/wp\/v2\/types\/post"}],"author":[{"embeddable":true,"href":"https:\/\/hdnfamillesgenealogie.fr\/index.php\/wp-json\/wp\/v2\/users\/1"}],"replies":[{"embeddable":true,"href":"https:\/\/hdnfamillesgenealogie.fr\/index.php\/wp-json\/wp\/v2\/comments?post=2848"}],"version-history":[{"count":1,"href":"https:\/\/hdnfamillesgenealogie.fr\/index.php\/wp-json\/wp\/v2\/posts\/2848\/revisions"}],"predecessor-version":[{"id":2850,"href":"https:\/\/hdnfamillesgenealogie.fr\/index.php\/wp-json\/wp\/v2\/posts\/2848\/revisions\/2850"}],"wp:featuredmedia":[{"embeddable":true,"href":"https:\/\/hdnfamillesgenealogie.fr\/index.php\/wp-json\/wp\/v2\/media\/2849"}],"wp:attachment":[{"href":"https:\/\/hdnfamillesgenealogie.fr\/index.php\/wp-json\/wp\/v2\/media?parent=2848"}],"wp:term":[{"taxonomy":"category","embeddable":true,"href":"https:\/\/hdnfamillesgenealogie.fr\/index.php\/wp-json\/wp\/v2\/categories?post=2848"},{"taxonomy":"post_tag","embeddable":true,"href":"https:\/\/hdnfamillesgenealogie.fr\/index.php\/wp-json\/wp\/v2\/tags?post=2848"}],"curies":[{"name":"wp","href":"https:\/\/api.w.org\/{rel}","templated":true}]}}