{"id":3344,"date":"2025-02-27T17:07:37","date_gmt":"2025-02-27T16:07:37","guid":{"rendered":"https:\/\/hdnfamillesgenealogie.fr\/?p=3344"},"modified":"2025-02-28T09:03:42","modified_gmt":"2025-02-28T08:03:42","slug":"des-thermes-romains","status":"publish","type":"post","link":"https:\/\/hdnfamillesgenealogie.fr\/index.php\/2025\/02\/27\/des-thermes-romains\/","title":{"rendered":"Des thermes romains"},"content":{"rendered":"\n<p>D\u00e9j\u00e0 la neuvi\u00e8me semaine de l&rsquo;ann\u00e9e 2025, et pour le d\u00e9fi photographique de l&rsquo;UPro-G, nous remontons tr\u00e8s loin dans le temps avec les thermes romains.<\/p>\n\n\n\n<p>Ah non, je n&rsquo;ai pas r\u00e9ussi \u00e0 retrouver mes anc\u00eatres gallo-romains. M\u00eame pour une g\u00e9n\u00e9alogiste familiale professionnelle, une telle d\u00e9couverte rel\u00e8verait du miracle archivistique.<\/p>\n\n\n\n<p>Mais, qu&rsquo;\u00e0 cela ne tienne, rien ne nous emp\u00eache d&rsquo;explorer les vestiges de temps recul\u00e9s, car nos anciens ont fr\u00e9quent\u00e9 ces lieux. Certains les ont m\u00eame fouill\u00e9s.<\/p>\n\n\n\n<p>Ainsi, Camille de Mensignac (1850-1926), un de mes cousins par alliance, certes tr\u00e8s \u00e9loign\u00e9,&nbsp; \u00e9tait conservateur du mus\u00e9e des Antiques de Bordeaux. Il aurait pu, par le biais des archives, me montrer les thermes romains de sa ville. Il aurait m\u00eame pu organiser pour moi, une visite de Vesunna \u00e0 P\u00e9rigueux, puisque, si je ne me trompe, il a travaill\u00e9 en Dordogne.<\/p>\n\n\n\n<p>Pourtant, je n&rsquo;ai aucune photographie de ces illustres bains \u00e0 vous montrer.<\/p>\n\n\n\n<p>Pas davantage de vue des quatre thermes de Grand, la cit\u00e9 gallo-romaine des Vosges. J&rsquo;y allais parfois en famille et j&rsquo;en garde un tr\u00e8s bon souvenir.<\/p>\n\n\n\n<p>Alors quoi, je ne vais pas pouvoir relever le d\u00e9fi, cette semaine ?<br \/>Rien ne vaut un retour \u00e0 ses origines. Les archives d\u00e9partementales de la Haute-Marne me sont plus favorables.<\/p>\n\n\n\n<p>Je n&rsquo;ai pas visit\u00e9 les thermes d&rsquo;Andilly-en-Bassigny, pourtant le site est exceptionnel.<\/p>\n\n\n\n<p>Une partie des thermes fut d\u00e9couverte en 1894 par le cur\u00e9 du village, Virgile Multier (1859-1932). Presque oubli\u00e9s, Pierre Ballet et Th\u00e9r\u00e8se Zeyer reprennent les fouilles dans les ann\u00e9es 60 et mettent au jour une villa gallo-romaine, immense ensemble architectural.<\/p>\n\n\n\n<figure class=\"wp-block-image size-large\"><img loading=\"lazy\" decoding=\"async\" width=\"1024\" height=\"678\" src=\"https:\/\/hdnfamillesgenealogie.fr\/wp-content\/uploads\/2025\/02\/ad052_2fi0019_001_h3524952026157246782-1024x678.jpg\" alt=\"\" class=\"wp-image-3345\" srcset=\"https:\/\/hdnfamillesgenealogie.fr\/wp-content\/uploads\/2025\/02\/ad052_2fi0019_001_h3524952026157246782-1024x678.jpg 1024w, https:\/\/hdnfamillesgenealogie.fr\/wp-content\/uploads\/2025\/02\/ad052_2fi0019_001_h3524952026157246782-300x199.jpg 300w, https:\/\/hdnfamillesgenealogie.fr\/wp-content\/uploads\/2025\/02\/ad052_2fi0019_001_h3524952026157246782-768x509.jpg 768w, https:\/\/hdnfamillesgenealogie.fr\/wp-content\/uploads\/2025\/02\/ad052_2fi0019_001_h3524952026157246782-1536x1018.jpg 1536w, https:\/\/hdnfamillesgenealogie.fr\/wp-content\/uploads\/2025\/02\/ad052_2fi0019_001_h3524952026157246782-1568x1039.jpg 1568w, https:\/\/hdnfamillesgenealogie.fr\/wp-content\/uploads\/2025\/02\/ad052_2fi0019_001_h3524952026157246782.jpg 2000w\" sizes=\"auto, (max-width: 1024px) 100vw, 1024px\" \/><figcaption class=\"wp-element-caption\">AD52, 2 Fi 19, Fouilles d&rsquo;Andilly. Vue g\u00e9n\u00e9rale des&nbsp;<em class=\"hl\">thermes<\/em>.<br \/>Photographie, 0,9 x 0,14. .&nbsp;\u2022 [XVIIIe-XXe si\u00e8cles]<\/figcaption><\/figure>\n\n\n\n<p>Les archives d\u00e9partementales de la Haute-Marne conservent cette photographie, et sur le site du Conseil d\u00e9partemental, il est possible de d\u00e9couvrir l&rsquo;\u00e9tat actuel de l&rsquo;\u00e9tuve, pi\u00e8ce des thermes chauff\u00e9e par le sol.<\/p>\n\n\n\n<figure class=\"wp-block-image size-large\"><img loading=\"lazy\" decoding=\"async\" width=\"1024\" height=\"461\" src=\"https:\/\/hdnfamillesgenealogie.fr\/wp-content\/uploads\/2025\/02\/20240603_1547092326814439840929678-1024x461.jpg\" alt=\"\" class=\"wp-image-3349\" srcset=\"https:\/\/hdnfamillesgenealogie.fr\/wp-content\/uploads\/2025\/02\/20240603_1547092326814439840929678-1024x461.jpg 1024w, https:\/\/hdnfamillesgenealogie.fr\/wp-content\/uploads\/2025\/02\/20240603_1547092326814439840929678-300x135.jpg 300w, https:\/\/hdnfamillesgenealogie.fr\/wp-content\/uploads\/2025\/02\/20240603_1547092326814439840929678-768x346.jpg 768w, https:\/\/hdnfamillesgenealogie.fr\/wp-content\/uploads\/2025\/02\/20240603_1547092326814439840929678-1536x692.jpg 1536w, https:\/\/hdnfamillesgenealogie.fr\/wp-content\/uploads\/2025\/02\/20240603_1547092326814439840929678-1568x706.jpg 1568w, https:\/\/hdnfamillesgenealogie.fr\/wp-content\/uploads\/2025\/02\/20240603_1547092326814439840929678.jpg 1920w\" sizes=\"auto, (max-width: 1024px) 100vw, 1024px\" \/><\/figure>\n\n\n\n<p>Pour en savoir plus :<br \/>&#8211; Sur le site du Conseil d\u00e9partemental de la Haute-Marne, <a href=\"https:\/\/haute-marne.fr\/andilly\/\" target=\"_blank\" rel=\"noreferrer noopener\">visite virtuelle de la villa gallo-romaine d&rsquo;Andilly-en-Bassigny<\/a><br \/>&#8211; Sur YouTube, <a href=\"https:\/\/www.youtube.com\/watch?v=ij0H7wgEh70\">Restitution 3D de la villa gallo-romaine d&rsquo;Andilly-en-Bassigny<\/a><\/p>\n\n\n\n<p><br \/><\/p>\n\n\n","protected":false},"excerpt":{"rendered":"<p>D\u00e9j\u00e0 la neuvi\u00e8me semaine de l&rsquo;ann\u00e9e 2025, et pour le d\u00e9fi photographique de l&rsquo;UPro-G, nous remontons tr\u00e8s loin dans le temps avec les thermes romains. Ah non, je n&rsquo;ai pas r\u00e9ussi \u00e0 retrouver mes anc\u00eatres gallo-romains. M\u00eame pour une g\u00e9n\u00e9alogiste familiale professionnelle, une telle d\u00e9couverte rel\u00e8verait du miracle archivistique. Mais, qu&rsquo;\u00e0 cela ne tienne, rien&hellip; <a class=\"more-link\" href=\"https:\/\/hdnfamillesgenealogie.fr\/index.php\/2025\/02\/27\/des-thermes-romains\/\">Poursuivre la lecture <span class=\"screen-reader-text\">Des thermes romains<\/span><\/a><\/p>\n","protected":false},"author":1,"featured_media":3358,"comment_status":"open","ping_status":"open","sticky":false,"template":"","format":"standard","meta":{"advanced_seo_description":"","jetpack_seo_html_title":"","jetpack_seo_noindex":false,"jetpack_post_was_ever_published":false,"_jetpack_newsletter_access":"","_jetpack_dont_email_post_to_subs":false,"_jetpack_newsletter_tier_id":0,"_jetpack_memberships_contains_paywalled_content":false,"_jetpack_memberships_contains_paid_content":false,"footnotes":""},"categories":[30,10],"tags":[],"class_list":["post-3344","post","type-post","status-publish","format-standard","has-post-thumbnail","hentry","category-projet52uprog","category-haute-marne","entry"],"jetpack_featured_media_url":"https:\/\/hdnfamillesgenealogie.fr\/wp-content\/uploads\/2025\/02\/ad052_2fi0019_001_h3524952026157246782-768x509-1.jpg","jetpack_sharing_enabled":true,"_links":{"self":[{"href":"https:\/\/hdnfamillesgenealogie.fr\/index.php\/wp-json\/wp\/v2\/posts\/3344","targetHints":{"allow":["GET"]}}],"collection":[{"href":"https:\/\/hdnfamillesgenealogie.fr\/index.php\/wp-json\/wp\/v2\/posts"}],"about":[{"href":"https:\/\/hdnfamillesgenealogie.fr\/index.php\/wp-json\/wp\/v2\/types\/post"}],"author":[{"embeddable":true,"href":"https:\/\/hdnfamillesgenealogie.fr\/index.php\/wp-json\/wp\/v2\/users\/1"}],"replies":[{"embeddable":true,"href":"https:\/\/hdnfamillesgenealogie.fr\/index.php\/wp-json\/wp\/v2\/comments?post=3344"}],"version-history":[{"count":8,"href":"https:\/\/hdnfamillesgenealogie.fr\/index.php\/wp-json\/wp\/v2\/posts\/3344\/revisions"}],"predecessor-version":[{"id":3359,"href":"https:\/\/hdnfamillesgenealogie.fr\/index.php\/wp-json\/wp\/v2\/posts\/3344\/revisions\/3359"}],"wp:featuredmedia":[{"embeddable":true,"href":"https:\/\/hdnfamillesgenealogie.fr\/index.php\/wp-json\/wp\/v2\/media\/3358"}],"wp:attachment":[{"href":"https:\/\/hdnfamillesgenealogie.fr\/index.php\/wp-json\/wp\/v2\/media?parent=3344"}],"wp:term":[{"taxonomy":"category","embeddable":true,"href":"https:\/\/hdnfamillesgenealogie.fr\/index.php\/wp-json\/wp\/v2\/categories?post=3344"},{"taxonomy":"post_tag","embeddable":true,"href":"https:\/\/hdnfamillesgenealogie.fr\/index.php\/wp-json\/wp\/v2\/tags?post=3344"}],"curies":[{"name":"wp","href":"https:\/\/api.w.org\/{rel}","templated":true}]}}