{"id":3589,"date":"2025-06-30T09:11:01","date_gmt":"2025-06-30T07:11:01","guid":{"rendered":"https:\/\/hdnfamillesgenealogie.fr\/?p=3589"},"modified":"2025-06-30T09:11:01","modified_gmt":"2025-06-30T07:11:01","slug":"genealogie-automobile-les-vehicules-de-charles-marzin","status":"publish","type":"post","link":"https:\/\/hdnfamillesgenealogie.fr\/index.php\/2025\/06\/30\/genealogie-automobile-les-vehicules-de-charles-marzin\/","title":{"rendered":"G\u00e9n\u00e9alogie automobile : Les v\u00e9hicules de Charles Marzin"},"content":{"rendered":"\n<p>En cette fin juin 2025, je souhaite partager ma contribution au challenge UPro-G sur l&rsquo;histoire d&rsquo;une automobile. Il y a un an, lors de mes recherches sur Pierre Marzin et sa famille, j&rsquo;ai d\u00e9couvert les v\u00e9hicules que son p\u00e8re, Charles Marzin, avait poss\u00e9d\u00e9s.<\/p>\n\n\n\n<h2 class=\"wp-block-heading\"><strong>Recherche des v\u00e9hicules de Charles Marzin<\/strong><\/h2>\n\n\n\n<p>Je savais qu&rsquo;enfant, le futur directeur des t\u00e9l\u00e9communications avait sillonn\u00e9 la campagne lannionnaise \u00e0 bord d&rsquo;une automobile. \u00c0 ma connaissance, la famille n&rsquo;avait gard\u00e9 que ce souvenir, aucune photo, aucun papier de l&rsquo;engin, mais le m\u00e9tier de Charles \u00e9tayait sans conteste l&rsquo;information : puisqu&rsquo;il \u00e9tait m\u00e9canicien agricole, il avait besoin d&rsquo;un v\u00e9hicule pour se rendre chez ses clients.<\/p>\n\n\n\n<h2 class=\"wp-block-heading\"><strong>Direction Saint-Brieuc, \u00e0 la d\u00e9couverte des archives<\/strong><\/h2>\n\n\n\n<p>Sur leur site, les archives d\u00e9partementales des C\u00f4tes-d&rsquo;Armor proposent un mode d&#8217;emploi des recherches sur les v\u00e9hicules. Le document, fort bien fait, rappelle l&rsquo;histoire de la r\u00e9glementation en la mati\u00e8re et indique les cotes des ressources dont le service dispose.<\/p>\n\n\n\n<p>Si le chercheur ne conna\u00eet pas l&rsquo;immatriculation de l\u2019automobile, il lui faut feuilleter les registres un \u00e0 un. D&rsquo;accord, cela peut \u00eatre un peu long, mais le jeu en vaut la chandelle.<\/p>\n\n\n\n<h2 class=\"wp-block-heading\"><strong>Les v\u00e9hicules de Charles : De Dion Bouton et Renault<\/strong><\/h2>\n\n\n\n<p>J&rsquo;ai ainsi retrouv\u00e9 non pas un, mais deux v\u00e9hicules ayant appartenu \u00e0 Charles Marzin. Le m\u00e9canicien a d&rsquo;abord acquis une De Dion Bouton en 1910, puis une Renault en 1921, qu&rsquo;il a revendue en 1930.<\/p>\n\n\n\n<p>La premi\u00e8re automobile, immatricul\u00e9e le 20 ao\u00fbt 1910, portait le num\u00e9ro 409 L 3. Suivant la r\u00e9glementation en vigueur depuis le d\u00e9but de cette m\u00eame ann\u00e9e, l&rsquo;administration attribuait aux v\u00e9hicules un nombre \u00e0 4 chiffres (1 \u00e0 9999), une lettre et un second chiffre allant de 2 \u00e0 9. La De Dion Bouton de Charles Marzin \u00e9tait la 409e automobile enregistr\u00e9e pour l&rsquo;arrondissement du Mans, \u00e0 laquelle avait \u00e9t\u00e9 attribu\u00e9e la lettre L.<\/p>\n\n\n\n<figure class=\"wp-block-image size-large\"><img loading=\"lazy\" decoding=\"async\" width=\"1024\" height=\"726\" src=\"https:\/\/hdnfamillesgenealogie.fr\/wp-content\/uploads\/2025\/06\/Immatriculation-DeDionBouton1-1024x726.png\" alt=\"\" class=\"wp-image-3593\" srcset=\"https:\/\/hdnfamillesgenealogie.fr\/wp-content\/uploads\/2025\/06\/Immatriculation-DeDionBouton1-1024x726.png 1024w, https:\/\/hdnfamillesgenealogie.fr\/wp-content\/uploads\/2025\/06\/Immatriculation-DeDionBouton1-300x213.png 300w, https:\/\/hdnfamillesgenealogie.fr\/wp-content\/uploads\/2025\/06\/Immatriculation-DeDionBouton1-768x545.png 768w, https:\/\/hdnfamillesgenealogie.fr\/wp-content\/uploads\/2025\/06\/Immatriculation-DeDionBouton1-1536x1090.png 1536w, https:\/\/hdnfamillesgenealogie.fr\/wp-content\/uploads\/2025\/06\/Immatriculation-DeDionBouton1-1568x1112.png 1568w, https:\/\/hdnfamillesgenealogie.fr\/wp-content\/uploads\/2025\/06\/Immatriculation-DeDionBouton1.png 1748w\" sizes=\"auto, (max-width: 1024px) 100vw, 1024px\" \/><\/figure>\n\n\n\n<h2 class=\"wp-block-heading\"><strong>\u00c9volution des immatriculations : Un voyage dans le temps<\/strong><\/h2>\n\n\n\n<p>1921, l&rsquo;immatriculation de la Renault suit les m\u00eames r\u00e8gles que la De Dion Bouton. Elle porte la plaque 7255 L 2. Mais quand Charles Marzin la revend, le syst\u00e8me a bien chang\u00e9. Fin de la r\u00e9f\u00e9rence r\u00e9gionale, on se r\u00e9f\u00e8re au d\u00e9partement \u00e0 partir du 30 avril 1928. Les C\u00f4tes-du-Nord se voient attribu\u00e9es deux lettres : EA.<\/p>\n\n\n\n<figure class=\"wp-block-image size-large\"><img loading=\"lazy\" decoding=\"async\" width=\"1024\" height=\"726\" src=\"https:\/\/hdnfamillesgenealogie.fr\/wp-content\/uploads\/2025\/06\/ImmatriculationRenault2-1024x726.png\" alt=\"\" class=\"wp-image-3594\" srcset=\"https:\/\/hdnfamillesgenealogie.fr\/wp-content\/uploads\/2025\/06\/ImmatriculationRenault2-1024x726.png 1024w, https:\/\/hdnfamillesgenealogie.fr\/wp-content\/uploads\/2025\/06\/ImmatriculationRenault2-300x213.png 300w, https:\/\/hdnfamillesgenealogie.fr\/wp-content\/uploads\/2025\/06\/ImmatriculationRenault2-768x545.png 768w, https:\/\/hdnfamillesgenealogie.fr\/wp-content\/uploads\/2025\/06\/ImmatriculationRenault2-1536x1090.png 1536w, https:\/\/hdnfamillesgenealogie.fr\/wp-content\/uploads\/2025\/06\/ImmatriculationRenault2-1568x1112.png 1568w, https:\/\/hdnfamillesgenealogie.fr\/wp-content\/uploads\/2025\/06\/ImmatriculationRenault2.png 1748w\" sizes=\"auto, (max-width: 1024px) 100vw, 1024px\" \/><\/figure>\n\n\n\n<p>Le 25 juin 1930, un agent pr\u00e9fectoral enregistre donc la Renault de Charles sous le num\u00e9ro 6534 EA et il ne manque pas de reprendre le registre de 1910 pour indiquer que la voiture a une nouvelle immatriculation.<\/p>\n\n\n\n<figure class=\"wp-block-image size-large\"><img loading=\"lazy\" decoding=\"async\" width=\"1024\" height=\"726\" src=\"https:\/\/hdnfamillesgenealogie.fr\/wp-content\/uploads\/2025\/06\/ImmatriculationRenault3-1024x726.png\" alt=\"\" class=\"wp-image-3595\" srcset=\"https:\/\/hdnfamillesgenealogie.fr\/wp-content\/uploads\/2025\/06\/ImmatriculationRenault3-1024x726.png 1024w, https:\/\/hdnfamillesgenealogie.fr\/wp-content\/uploads\/2025\/06\/ImmatriculationRenault3-300x213.png 300w, https:\/\/hdnfamillesgenealogie.fr\/wp-content\/uploads\/2025\/06\/ImmatriculationRenault3-768x545.png 768w, https:\/\/hdnfamillesgenealogie.fr\/wp-content\/uploads\/2025\/06\/ImmatriculationRenault3-1536x1090.png 1536w, https:\/\/hdnfamillesgenealogie.fr\/wp-content\/uploads\/2025\/06\/ImmatriculationRenault3-1568x1112.png 1568w, https:\/\/hdnfamillesgenealogie.fr\/wp-content\/uploads\/2025\/06\/ImmatriculationRenault3.png 1748w\" sizes=\"auto, (max-width: 1024px) 100vw, 1024px\" \/><\/figure>\n\n\n\n<h2 class=\"wp-block-heading\"><strong>Que sont devenus les v\u00e9hicules ?<\/strong><\/h2>\n\n\n\n<p>Les archives ne nous disent rien de la De Dion Bouton. Mais pour la Renault, Charles l\u2019a vendue en 1930 \u00e0 une femme. La carte grise est au nom de Madame Veuve M\u00e9lanie Gaouyat, mareyeuse \u00e0 Locqu\u00e9meau en Tr\u00e9dez. Jolie surprise, n\u2019est-ce pas&nbsp;?<\/p>\n\n\n\n<h2 class=\"wp-block-heading\"><strong>Conclusion : Bonheur des G\u00e9n\u00e9alogistes<\/strong><\/h2>\n\n\n\n<p>La belle organisation de l&rsquo;administration fran\u00e7aise fait aujourd&rsquo;hui le bonheur des g\u00e9n\u00e9alogistes et permet de retrouver toutes sortes d\u2019\u00e9l\u00e9ments de vie de nos anc\u00eatres, aujourd&rsquo;hui les propri\u00e9taires d&rsquo;une automobile, demain peut-\u00eatre leur permis de conduire.<\/p>\n\n\n\n<p>Pour prolonger le plaisir de cette g\u00e9n\u00e9alogie automobile de fa\u00e7on plus ludique, j&rsquo;ai \u00e9crit un rendez-vous ancestral.<br>Imaginons le d\u00e9placement de Charles Marzin \u00e0 Saint-Brieuc. Il fait immatriculer sa Renault.<br>Le texte s&rsquo;intitule \u00ab Rendez-vous en pr\u00e9fecture \u00bb. Vous pouvez le lire ou le relire en cliquant <a href=\"https:\/\/hdnfamillesgenealogie.fr\/index.php\/2024\/06\/15\/rendez-vous-en-prefecture\/\">ici<\/a>.<\/p>\n\n\n\n<p>Et vous avez-vous retrouv\u00e9 un v\u00e9hicule ancestral, ou bien voulez-vous que je vous y aide&nbsp;?<br>N&rsquo;h\u00e9sitez pas \u00e0 partager vos d\u00e9couvertes ou vos interrogations g\u00e9n\u00e9alogiques dans les commentaires ci-dessous !<\/p>\n","protected":false},"excerpt":{"rendered":"<p>En cette fin juin 2025, je souhaite partager ma contribution au challenge UPro-G sur l&rsquo;histoire d&rsquo;une automobile. Il y a un an, lors de mes recherches sur Pierre Marzin et sa famille, j&rsquo;ai d\u00e9couvert les v\u00e9hicules que son p\u00e8re, Charles Marzin, avait poss\u00e9d\u00e9s. Recherche des v\u00e9hicules de Charles Marzin Je savais qu&rsquo;enfant, le futur directeur&hellip; <a class=\"more-link\" href=\"https:\/\/hdnfamillesgenealogie.fr\/index.php\/2025\/06\/30\/genealogie-automobile-les-vehicules-de-charles-marzin\/\">Poursuivre la lecture <span class=\"screen-reader-text\">G\u00e9n\u00e9alogie automobile : Les v\u00e9hicules de Charles Marzin<\/span><\/a><\/p>\n","protected":false},"author":1,"featured_media":2721,"comment_status":"open","ping_status":"open","sticky":false,"template":"","format":"standard","meta":{"advanced_seo_description":"","jetpack_seo_html_title":"","jetpack_seo_noindex":false,"jetpack_post_was_ever_published":false,"_jetpack_newsletter_access":"","_jetpack_dont_email_post_to_subs":false,"_jetpack_newsletter_tier_id":0,"_jetpack_memberships_contains_paywalled_content":false,"_jetpack_memberships_contains_paid_content":false,"footnotes":""},"categories":[31,13],"tags":[],"class_list":["post-3589","post","type-post","status-publish","format-standard","has-post-thumbnail","hentry","category-challenge-upro-g","category-marzin","entry"],"jetpack_featured_media_url":"https:\/\/hdnfamillesgenealogie.fr\/wp-content\/uploads\/2024\/06\/Renault_TypeII_site-ttes-les-Renault_20240615.jpg","jetpack_sharing_enabled":true,"_links":{"self":[{"href":"https:\/\/hdnfamillesgenealogie.fr\/index.php\/wp-json\/wp\/v2\/posts\/3589","targetHints":{"allow":["GET"]}}],"collection":[{"href":"https:\/\/hdnfamillesgenealogie.fr\/index.php\/wp-json\/wp\/v2\/posts"}],"about":[{"href":"https:\/\/hdnfamillesgenealogie.fr\/index.php\/wp-json\/wp\/v2\/types\/post"}],"author":[{"embeddable":true,"href":"https:\/\/hdnfamillesgenealogie.fr\/index.php\/wp-json\/wp\/v2\/users\/1"}],"replies":[{"embeddable":true,"href":"https:\/\/hdnfamillesgenealogie.fr\/index.php\/wp-json\/wp\/v2\/comments?post=3589"}],"version-history":[{"count":3,"href":"https:\/\/hdnfamillesgenealogie.fr\/index.php\/wp-json\/wp\/v2\/posts\/3589\/revisions"}],"predecessor-version":[{"id":3596,"href":"https:\/\/hdnfamillesgenealogie.fr\/index.php\/wp-json\/wp\/v2\/posts\/3589\/revisions\/3596"}],"wp:featuredmedia":[{"embeddable":true,"href":"https:\/\/hdnfamillesgenealogie.fr\/index.php\/wp-json\/wp\/v2\/media\/2721"}],"wp:attachment":[{"href":"https:\/\/hdnfamillesgenealogie.fr\/index.php\/wp-json\/wp\/v2\/media?parent=3589"}],"wp:term":[{"taxonomy":"category","embeddable":true,"href":"https:\/\/hdnfamillesgenealogie.fr\/index.php\/wp-json\/wp\/v2\/categories?post=3589"},{"taxonomy":"post_tag","embeddable":true,"href":"https:\/\/hdnfamillesgenealogie.fr\/index.php\/wp-json\/wp\/v2\/tags?post=3589"}],"curies":[{"name":"wp","href":"https:\/\/api.w.org\/{rel}","templated":true}]}}