{"id":812,"date":"2021-07-26T09:32:44","date_gmt":"2021-07-26T07:32:44","guid":{"rendered":"https:\/\/histoiresdenosfamilles.wordpress.com\/?p=812"},"modified":"2026-01-26T17:18:29","modified_gmt":"2026-01-26T16:18:29","slug":"famille-perrin-une-autre-epidemie","status":"publish","type":"post","link":"https:\/\/hdnfamillesgenealogie.fr\/index.php\/2021\/07\/26\/famille-perrin-une-autre-epidemie\/","title":{"rendered":"Famille PERRIN, une autre \u00e9pid\u00e9mie"},"content":{"rendered":"\n<h2 class=\"wp-block-heading\">Les pr\u00e9sentations<\/h2>\n\n\n\n<p>J\u2019ai quelque chose \u00e0 vous avouer. La semaine derni\u00e8re, je ne souhaitais pas vraiment honorer mon <a href=\"https:\/\/histoiresdenosfamilles.wordpress.com\/2021\/07\/17\/petit-rendez-vous\/\">petit rendez-vous<\/a>, et n\u2019avais pas tr\u00e8s envie de discuter avec Jean Louis GENESSON.<br>Bien s\u00fbr son m\u00e9tier m\u2019a intrigu\u00e9e et ma curiosit\u00e9 a \u00e9t\u00e9 satisfaite en allant \u00e0 Ville-Sur-Terre. Mais pour ce qui est d\u2019oser discuter avec lui, je pr\u00e9f\u00e9rais attendre quelque temps.<\/p>\n\n\n\n<p>Vous vous souvenez de l&rsquo;extrait d\u2019acte qui m&rsquo;avait conduit l\u00e0-bas&nbsp;?<br>Le voici en entier*&nbsp;:<\/p>\n\n\n\n<div class=\"wp-block-jetpack-tiled-gallery aligncenter is-style-rectangular\"><div class=\"\"><div class=\"tiled-gallery__gallery\"><div class=\"tiled-gallery__row\"><div class=\"tiled-gallery__col\" style=\"flex-basis:100.00000%\"><figure class=\"tiled-gallery__item\"><img decoding=\"async\" srcset=\"https:\/\/i0.wp.com\/hdnfamillesgenealogie.fr\/wp-content\/uploads\/2021\/07\/AD52_Edepot14928_01_0092-D-Marguerite-PERRIN-1024x346.jpg?strip=info&#038;w=600&#038;ssl=1 600w,https:\/\/i0.wp.com\/hdnfamillesgenealogie.fr\/wp-content\/uploads\/2021\/07\/AD52_Edepot14928_01_0092-D-Marguerite-PERRIN-1024x346.jpg?strip=info&#038;w=900&#038;ssl=1 900w,https:\/\/i0.wp.com\/hdnfamillesgenealogie.fr\/wp-content\/uploads\/2021\/07\/AD52_Edepot14928_01_0092-D-Marguerite-PERRIN-1024x346.jpg?strip=info&#038;w=1200&#038;ssl=1 1200w,https:\/\/i0.wp.com\/hdnfamillesgenealogie.fr\/wp-content\/uploads\/2021\/07\/AD52_Edepot14928_01_0092-D-Marguerite-PERRIN-1024x346.jpg?strip=info&#038;w=1500&#038;ssl=1 1500w,https:\/\/i0.wp.com\/hdnfamillesgenealogie.fr\/wp-content\/uploads\/2021\/07\/AD52_Edepot14928_01_0092-D-Marguerite-PERRIN-1024x346.jpg?strip=info&#038;w=1641&#038;ssl=1 1641w\" alt=\"\" data-height=\"555\" data-id=\"3850\" data-link=\"https:\/\/hdnfamillesgenealogie.fr\/index.php\/2021\/07\/26\/famille-perrin-une-autre-epidemie\/ad52_edepot14928_01_0092-d-marguerite-perrin\/\" data-url=\"https:\/\/hdnfamillesgenealogie.fr\/wp-content\/uploads\/2021\/07\/AD52_Edepot14928_01_0092-D-Marguerite-PERRIN-1024x346.jpg\" data-width=\"1641\" src=\"https:\/\/i0.wp.com\/hdnfamillesgenealogie.fr\/wp-content\/uploads\/2021\/07\/AD52_Edepot14928_01_0092-D-Marguerite-PERRIN-1024x346.jpg?ssl=1\" data-amp-layout=\"responsive\"\/><\/figure><\/div><\/div><div class=\"tiled-gallery__row\"><div class=\"tiled-gallery__col\" style=\"flex-basis:100.00000%\"><figure class=\"tiled-gallery__item\"><img decoding=\"async\" srcset=\"https:\/\/i0.wp.com\/hdnfamillesgenealogie.fr\/wp-content\/uploads\/2021\/07\/AD52_Edepot14928_01_0092-D-Marguerite-PERRIN_2-1024x232.jpg?strip=info&#038;w=600&#038;ssl=1 600w,https:\/\/i0.wp.com\/hdnfamillesgenealogie.fr\/wp-content\/uploads\/2021\/07\/AD52_Edepot14928_01_0092-D-Marguerite-PERRIN_2-1024x232.jpg?strip=info&#038;w=900&#038;ssl=1 900w,https:\/\/i0.wp.com\/hdnfamillesgenealogie.fr\/wp-content\/uploads\/2021\/07\/AD52_Edepot14928_01_0092-D-Marguerite-PERRIN_2-1024x232.jpg?strip=info&#038;w=1200&#038;ssl=1 1200w,https:\/\/i0.wp.com\/hdnfamillesgenealogie.fr\/wp-content\/uploads\/2021\/07\/AD52_Edepot14928_01_0092-D-Marguerite-PERRIN_2-1024x232.jpg?strip=info&#038;w=1500&#038;ssl=1 1500w,https:\/\/i0.wp.com\/hdnfamillesgenealogie.fr\/wp-content\/uploads\/2021\/07\/AD52_Edepot14928_01_0092-D-Marguerite-PERRIN_2-1024x232.jpg?strip=info&#038;w=1636&#038;ssl=1 1636w\" alt=\"\" data-height=\"370\" data-id=\"3851\" data-link=\"https:\/\/hdnfamillesgenealogie.fr\/index.php\/2021\/07\/26\/famille-perrin-une-autre-epidemie\/ad52_edepot14928_01_0092-d-marguerite-perrin_2\/\" data-url=\"https:\/\/hdnfamillesgenealogie.fr\/wp-content\/uploads\/2021\/07\/AD52_Edepot14928_01_0092-D-Marguerite-PERRIN_2-1024x232.jpg\" data-width=\"1636\" src=\"https:\/\/i0.wp.com\/hdnfamillesgenealogie.fr\/wp-content\/uploads\/2021\/07\/AD52_Edepot14928_01_0092-D-Marguerite-PERRIN_2-1024x232.jpg?ssl=1\" data-amp-layout=\"responsive\"\/><\/figure><\/div><\/div><\/div><\/div><\/div>\n\n\n\n<p><em>\u00ab&nbsp;L\u2019an mil huit cent trente deux le vingt trois ao\u00fbt six heures du soir par devant nous Napol\u00e9on Louis Cl\u00e9ment maire de la Commune de Tr\u00e9milly, faisant les fonctions d\u2019officier public de l\u2019\u00e9tat civil de ladite Commune sont comparus les Sieurs Joseph Perrin, entrepreneur de b\u00e2timent \u00e2g\u00e9 de quarante neuf ans et Fran\u00e7ois Rozierre, propri\u00e9taire \u00e2g\u00e9 de soixante quatre ans tous deux demeurant \u00e0 Tr\u00e9milly, le premier fr\u00e8re et le second cousin de la d\u00e9funte, lesquels nous ont d\u00e9clar\u00e9 que Dame Marguerite Perrin \u00e9pouse de M. Jean Louis Genesson, gagne \u2013 petit, demeurant \u00e0 Ville Sur Terre, n\u00e9e \u00e0 Tr\u00e9milly est d\u00e9c\u00e9d\u00e9e aujourd\u2019hui \u00e0 quatre heures du soir \u00e0 l\u2019\u00e2ge de quarante deux ans au domicile dudit Sieur Perrin, Et ont les d\u00e9clarants sign\u00e9 avec nous apr\u00e8s lecture faite.&nbsp;\u00bb<\/em><\/p>\n\n\n\n<p>Avouez que la mention de la marge de gauche fait froid dans le dos&nbsp;: <strong>Marguerite PERRIN, l\u2019\u00e9pouse de Jean Louis GENESSON est d\u00e9c\u00e9d\u00e9e \u00e0 Tr\u00e9milly du chol\u00e9ra, le 23 ao\u00fbt 1832.<\/strong> Elle avait quarante-trois ans.<br>A partir de cet acte de d\u00e9c\u00e8s, je me suis pos\u00e9 une s\u00e9rie de questions et celle du m\u00e9tier de Jean Louis n\u2019\u00e9tait pas la plus importante. Et puis les unes ont induit les autres&nbsp;:<\/p>\n\n\n\n<ul class=\"wp-block-list\">\n<li>Marguerite PERRIN est n\u00e9e \u00e0 Tr\u00e9milly (52), mais r\u00e9sidait \u00e0 Ville-sur-Terre (10), qu\u2019est-elle venue faire chez son fr\u00e8re Joseph PERRIN\u00a0?<\/li>\n\n\n\n<li>O\u00f9 \u00e9tait Jean Louis au moment du d\u00e9c\u00e8s de Marguerite\u00a0? \u00c9tait-il vivant\u00a0?<\/li>\n\n\n\n<li>Avait-elle des enfants\u00a0?<\/li>\n\n\n\n<li>Marguerite est d\u00e9c\u00e9d\u00e9e du chol\u00e9ra. Cette \u00e9pid\u00e9mie a-t-elle caus\u00e9 d\u2019autres d\u00e9c\u00e8s \u00e0 Tr\u00e9milly\u00a0? A Ville-Sur-Terre\u00a0? <\/li>\n\n\n\n<li>Marguerite est-elle la seule victime de la famille\u00a0?<\/li>\n<\/ul>\n\n\n\n<p>J\u2019ai cherch\u00e9 \u00e0 travers les archives de l\u2019Aube et de la Haute-Marne, sur Wikip\u00e9dia, Gallica ou Pers\u00e9e, et ailleurs encore sur le Net. Bien s\u00fbr j\u2019ai trouv\u00e9 quelques r\u00e9ponses \u00e0 mes questions et des nouvelles sont apparues.<\/p>\n\n\n\n<p>Voyage avec les PERRIN, d\u00e9tour au sein d\u2019une autre \u00e9pid\u00e9mie, je vous propose une visite pas tr\u00e8s agr\u00e9able mais qui nous permettra de d\u00e9caler notre regard pour ce second \u00e9t\u00e9 \u00ab\u00a0COVID19\u00a0\u00bb.<br>G\u00e9ographiquement nous n\u2019irons pas tr\u00e8s loin, entre Haute-Marne et Aube, au sein d&rsquo;un petit territoire&nbsp;: Thil, Ville-Sur-Terre, Tr\u00e9milly et Cirey-Sur-Blaise.<\/p>\n\n\n\n<figure class=\"wp-block-gallery has-nested-images columns-default is-cropped wp-block-gallery-1 is-layout-flex wp-block-gallery-is-layout-flex\">\n<figure class=\"wp-block-image size-large\"><img loading=\"lazy\" decoding=\"async\" width=\"1024\" height=\"467\" data-id=\"3852\" src=\"https:\/\/hdnfamillesgenealogie.fr\/wp-content\/uploads\/2021\/07\/Cholera-PERRIN-realise-avec-Openstreetmap-le-23-juillet-2021-1024x467.jpg\" alt=\"\" class=\"wp-image-3852\" srcset=\"https:\/\/hdnfamillesgenealogie.fr\/wp-content\/uploads\/2021\/07\/Cholera-PERRIN-realise-avec-Openstreetmap-le-23-juillet-2021-1024x467.jpg 1024w, https:\/\/hdnfamillesgenealogie.fr\/wp-content\/uploads\/2021\/07\/Cholera-PERRIN-realise-avec-Openstreetmap-le-23-juillet-2021-300x137.jpg 300w, https:\/\/hdnfamillesgenealogie.fr\/wp-content\/uploads\/2021\/07\/Cholera-PERRIN-realise-avec-Openstreetmap-le-23-juillet-2021-768x351.jpg 768w, https:\/\/hdnfamillesgenealogie.fr\/wp-content\/uploads\/2021\/07\/Cholera-PERRIN-realise-avec-Openstreetmap-le-23-juillet-2021.jpg 1400w\" sizes=\"auto, (max-width: 1024px) 100vw, 1024px\" \/><figcaption class=\"wp-element-caption\">R\u00e9sidence des Perrin Openstreetmap le 23 juillet 2021<\/figcaption><\/figure>\n<\/figure>\n\n\n\n<p>Plusieurs articles, pour cette branche PERRIN, du c\u00f4t\u00e9 de mon grand-p\u00e8re Marius PORTE&nbsp;: Sur les parents de Marguerite, Pierre PERRIN (1760-1816) et Jeanne BULARD (1761-1832), et un article pour Marguerite PERRIN (1789-1832) et chacun de ses fr\u00e8res parvenus \u00e0 l\u2019\u00e2ge adulte, Jean \u00ab&nbsp;Joseph&nbsp;\u00bb PERRIN (1783-1848), l\u2019ain\u00e9, mon sosa 78&nbsp;; Pierre \u00ab&nbsp;Nicolas&nbsp;\u00bb PERRIN (1785-1860) et Antoine PERRIN (1793-1814).<br>Soixante douze ans, que nous parcourrons avec cette famille, sur trois g\u00e9n\u00e9rations.<\/p>\n\n\n\n<p class=\"has-small-font-size\">*<em>AD52 Edepot14928_01 (T\u00e9l\u00e9chargement juillet 2021)<\/em><\/p>\n\n\n\n<figure class=\"wp-block-table\"><table><tbody><tr><td><strong>Famille PERRIN, une autre \u00e9pid\u00e9mie<\/strong><\/td><\/tr><tr><td>Les pr\u00e9sentations<\/td><td>Vous y \u00eates<\/td><\/tr><tr><td>Les parents, Pierre PERRIN et Jeanne BULARD<\/td><td><a href=\"https:\/\/histoiresdenosfamilles.wordpress.com\/2021\/07\/31\/famille-perrin-une-autre-epidemie-les-parents-pierre-perrin-et-jeanne-bulard\/\">Cliquez ici<\/a><\/td><\/tr><tr><td>La fille, Marguerite PERRIN \u2013 Ville-Sur-Terre<\/td><td><a href=\"https:\/\/histoiresdenosfamilles.wordpress.com\/2021\/08\/07\/famille-perrin-une-autre-epidemie-la-fille-marguerite-perrin-ville-sur-terre\/\">Par ici<\/a><\/td><\/tr><tr><td>L\u2019ain\u00e9, Jean \u00ab&nbsp;Joseph&nbsp;\u00bb PERRIN &#8211; Tr\u00e9milly<\/td><td><a href=\"https:\/\/histoiresdenosfamilles.wordpress.com\/2021\/12\/18\/triste-rendez-vous\/\" target=\"_blank\" rel=\"noreferrer noopener\">Par l\u00e0<\/a><\/td><\/tr><tr><td>Le benjamin, Antoine PERRIN<\/td><td><a href=\"https:\/\/histoiresdenosfamilles.wordpress.com\/2021\/09\/12\/famille-perrin-une-autre-epidemie-antoine-perrin-le-benjamin\/\" target=\"_blank\" rel=\"noreferrer noopener\">Ici<\/a><\/td><\/tr><tr><td>Le cadet, Pierre \u00ab&nbsp;Nicolas&nbsp;\u00bb PERRIN \u2013 Cirey-Sur-Blaise<\/td><td>Bient\u00f4t<\/td><\/tr><\/tbody><\/table><\/figure>\n","protected":false},"excerpt":{"rendered":"<p>Les pr\u00e9sentations J\u2019ai quelque chose \u00e0 vous avouer. La semaine derni\u00e8re, je ne souhaitais pas vraiment honorer mon petit rendez-vous, et n\u2019avais pas tr\u00e8s envie de discuter avec Jean Louis GENESSON.Bien s\u00fbr son m\u00e9tier m\u2019a intrigu\u00e9e et ma curiosit\u00e9 a \u00e9t\u00e9 satisfaite en allant \u00e0 Ville-Sur-Terre. Mais pour ce qui est d\u2019oser discuter avec lui,&hellip; <a class=\"more-link\" href=\"https:\/\/hdnfamillesgenealogie.fr\/index.php\/2021\/07\/26\/famille-perrin-une-autre-epidemie\/\">Poursuivre la lecture <span class=\"screen-reader-text\">Famille PERRIN, une autre \u00e9pid\u00e9mie<\/span><\/a><\/p>\n","protected":false},"author":1,"featured_media":0,"comment_status":"open","ping_status":"open","sticky":false,"template":"","format":"standard","meta":{"advanced_seo_description":"","jetpack_seo_html_title":"","jetpack_seo_noindex":false,"jetpack_post_was_ever_published":false,"_jetpack_newsletter_access":"","_jetpack_dont_email_post_to_subs":false,"_jetpack_newsletter_tier_id":0,"_jetpack_memberships_contains_paywalled_content":false,"_jetpack_memberships_contains_paid_content":false,"footnotes":""},"categories":[2,10,16],"tags":[],"class_list":["post-812","post","type-post","status-publish","format-standard","hentry","category-cg52","category-haute-marne","category-porte","entry"],"jetpack_featured_media_url":"","jetpack_sharing_enabled":true,"_links":{"self":[{"href":"https:\/\/hdnfamillesgenealogie.fr\/index.php\/wp-json\/wp\/v2\/posts\/812","targetHints":{"allow":["GET"]}}],"collection":[{"href":"https:\/\/hdnfamillesgenealogie.fr\/index.php\/wp-json\/wp\/v2\/posts"}],"about":[{"href":"https:\/\/hdnfamillesgenealogie.fr\/index.php\/wp-json\/wp\/v2\/types\/post"}],"author":[{"embeddable":true,"href":"https:\/\/hdnfamillesgenealogie.fr\/index.php\/wp-json\/wp\/v2\/users\/1"}],"replies":[{"embeddable":true,"href":"https:\/\/hdnfamillesgenealogie.fr\/index.php\/wp-json\/wp\/v2\/comments?post=812"}],"version-history":[{"count":2,"href":"https:\/\/hdnfamillesgenealogie.fr\/index.php\/wp-json\/wp\/v2\/posts\/812\/revisions"}],"predecessor-version":[{"id":3853,"href":"https:\/\/hdnfamillesgenealogie.fr\/index.php\/wp-json\/wp\/v2\/posts\/812\/revisions\/3853"}],"wp:attachment":[{"href":"https:\/\/hdnfamillesgenealogie.fr\/index.php\/wp-json\/wp\/v2\/media?parent=812"}],"wp:term":[{"taxonomy":"category","embeddable":true,"href":"https:\/\/hdnfamillesgenealogie.fr\/index.php\/wp-json\/wp\/v2\/categories?post=812"},{"taxonomy":"post_tag","embeddable":true,"href":"https:\/\/hdnfamillesgenealogie.fr\/index.php\/wp-json\/wp\/v2\/tags?post=812"}],"curies":[{"name":"wp","href":"https:\/\/api.w.org\/{rel}","templated":true}]}}