{"id":870,"date":"2021-08-07T09:46:44","date_gmt":"2021-08-07T07:46:44","guid":{"rendered":"https:\/\/histoiresdenosfamilles.wordpress.com\/?p=870"},"modified":"2026-01-26T17:50:56","modified_gmt":"2026-01-26T16:50:56","slug":"famille-perrin-une-autre-epidemie-la-fille-marguerite-perrin-ville-sur-terre","status":"publish","type":"post","link":"https:\/\/hdnfamillesgenealogie.fr\/index.php\/2021\/08\/07\/famille-perrin-une-autre-epidemie-la-fille-marguerite-perrin-ville-sur-terre\/","title":{"rendered":"Famille PERRIN, une autre \u00e9pid\u00e9mie : La fille, Marguerite PERRIN \u2013 Ville-Sur-Terre"},"content":{"rendered":"\n<p>Marguerite PERRIN et sa m\u00e8re Jeanne BULARD sont toutes deux d\u00e9c\u00e9d\u00e9es du chol\u00e9ra pendant l\u2019\u00e9t\u00e9 1832. Comment l\u2019\u00e9pid\u00e9mie a-t-elle gagn\u00e9 les confins de l\u2019Aube et de la Haute-Marne&nbsp;?<br>Venus d\u2019Angleterre, les premiers cas seraient apparus sur le littoral de la Manche en d\u00e9cembre 1831. Puis en f\u00e9vrier-mars 1832, la commission sanitaire de Bar-Le-Duc en signale en Meuse.<br>En avril, l\u2019\u00e9pid\u00e9mie fait rage dans le d\u00e9partement de la Seine.<br>Le 7 mai, la Haute-Marne est atteinte par Saint-Dizier. Un mois plus tard la ville enregistre plus de 400 cas et 187 d\u00e9c\u00e8s.<br>Le chol\u00e9ra gagne ensuite tout l\u2019arrondissement de Wassy. Au chef-lieu, hors Pont-Varin, on comptabilise cent d\u00e9c\u00e8s en juin 1832, \u00e0 Montier-en-Der trente-trois entre juin et juillet, \u00e0 Soulaines-Dhuys, dans l\u2019Aube, trente-sept en juin.<\/p>\n\n\n\n<p>Pourtant l\u2019Aube a \u00e9t\u00e9 atteinte plus t\u00f4t que la Haute-Marne. D\u00e8s le mois d\u2019avril les d\u00e9c\u00e8s y sont plus \u00e9lev\u00e9s que les deux ann\u00e9es pr\u00e9c\u00e9dentes (plus de 50%). La r\u00e9gression de l\u2019\u00e9pid\u00e9mie y sera aussi avanc\u00e9e par rapport \u00e0 sa voisine.<\/p>\n\n\n\n<figure class=\"wp-block-image size-large\"><img loading=\"lazy\" decoding=\"async\" width=\"1024\" height=\"651\" src=\"https:\/\/hdnfamillesgenealogie.fr\/wp-content\/uploads\/2021\/08\/AD-Aube-archives_8FI_10631_C-Ville-sur-Terre-Telechargement-du-1er-aout-2021-1024x651.jpg\" alt=\"\" class=\"wp-image-3859\" srcset=\"https:\/\/hdnfamillesgenealogie.fr\/wp-content\/uploads\/2021\/08\/AD-Aube-archives_8FI_10631_C-Ville-sur-Terre-Telechargement-du-1er-aout-2021-1024x651.jpg 1024w, https:\/\/hdnfamillesgenealogie.fr\/wp-content\/uploads\/2021\/08\/AD-Aube-archives_8FI_10631_C-Ville-sur-Terre-Telechargement-du-1er-aout-2021-300x191.jpg 300w, https:\/\/hdnfamillesgenealogie.fr\/wp-content\/uploads\/2021\/08\/AD-Aube-archives_8FI_10631_C-Ville-sur-Terre-Telechargement-du-1er-aout-2021-768x488.jpg 768w, https:\/\/hdnfamillesgenealogie.fr\/wp-content\/uploads\/2021\/08\/AD-Aube-archives_8FI_10631_C-Ville-sur-Terre-Telechargement-du-1er-aout-2021-1536x976.jpg 1536w, https:\/\/hdnfamillesgenealogie.fr\/wp-content\/uploads\/2021\/08\/AD-Aube-archives_8FI_10631_C-Ville-sur-Terre-Telechargement-du-1er-aout-2021-1568x997.jpg 1568w, https:\/\/hdnfamillesgenealogie.fr\/wp-content\/uploads\/2021\/08\/AD-Aube-archives_8FI_10631_C-Ville-sur-Terre-Telechargement-du-1er-aout-2021.jpg 1636w\" sizes=\"auto, (max-width: 1024px) 100vw, 1024px\" \/><figcaption class=\"wp-element-caption\">AD Aube archives_8FI_10631_C Ville-sur-Terre \u2013 T\u00e9l\u00e9chargement du 1er aout 2021<\/figcaption><\/figure>\n\n\n\n<p>Pour ce qui est de Ville-sur-Terre, c\u2019est en ao\u00fbt 1832 que l\u2019\u00e9pid\u00e9mie s\u00e9vit.<br>Elle a atteint la commune plus tardivement, mais elle y est particuli\u00e8rement meurtri\u00e8re.<br>Difficile de conna\u00eetre la cause exacte des d\u00e9c\u00e8s et le chol\u00e9ra n\u2019est sans doute pas responsable de tous les cas. Pour ao\u00fbt et septembre, cinq nourrissons, un enfant et vingt adultes perdent la vie. En mettant en regard les ann\u00e9es 1830 et 1831, la surmortalit\u00e9 de 1832 ne fait malheureusement aucun doute.<\/p>\n\n\n\n<figure class=\"wp-block-image size-large\"><img loading=\"lazy\" decoding=\"async\" width=\"1024\" height=\"180\" src=\"https:\/\/hdnfamillesgenealogie.fr\/wp-content\/uploads\/2021\/08\/Deces-Ville-sur-Terre-1024x180.png\" alt=\"\" class=\"wp-image-3861\" srcset=\"https:\/\/hdnfamillesgenealogie.fr\/wp-content\/uploads\/2021\/08\/Deces-Ville-sur-Terre-1024x180.png 1024w, https:\/\/hdnfamillesgenealogie.fr\/wp-content\/uploads\/2021\/08\/Deces-Ville-sur-Terre-300x53.png 300w, https:\/\/hdnfamillesgenealogie.fr\/wp-content\/uploads\/2021\/08\/Deces-Ville-sur-Terre-768x135.png 768w, https:\/\/hdnfamillesgenealogie.fr\/wp-content\/uploads\/2021\/08\/Deces-Ville-sur-Terre.png 1293w\" sizes=\"auto, (max-width: 1024px) 100vw, 1024px\" \/><figcaption class=\"wp-element-caption\">D\u00e9c\u00e8s enregistr\u00e9s \u00e0 Ville-sur-Terre \u2013 Source Archives de l\u2019Aube 4E42811<\/figcaption><\/figure>\n\n\n\n<p>Combien de malades y a-t \u2019il&nbsp;?&nbsp;Les registres d&rsquo;\u00e9tat civil ne mentionnent que les d\u00e9c\u00e8s. Je n&rsquo;ai aucune information sur les malades.<br>Je sais que Marguerite PERRIN (1789-1832) quitte Ville-sur-Terre pour Tr\u00e9milly. A quel moment&nbsp;? Est-elle d\u00e9j\u00e0 malade quand elle se rend chez son fr\u00e8re Jean \u00ab&nbsp;Joseph&nbsp;\u00bb&nbsp;? Emm\u00e8ne-t-elle ses enfants&nbsp;? Restent-ils avec leur grand-m\u00e8re Jeanne BULARD (1761-1832)&nbsp;? Impossible de le savoir. D\u2019ailleurs les \u00e9l\u00e9ments que j\u2019ai pu regrouper de la vie de Marguerite sont peu nombreux.<\/p>\n\n\n\n<p>Revenons quelques ann\u00e9es en arri\u00e8re.<br>A Versailles, les \u00c9tats g\u00e9n\u00e9raux se r\u00e9unissent depuis trois semaines, quand Marguerite vient au monde, le 27 mai 1789, \u00e0 Tr\u00e9milly. Son p\u00e8re Pierre PERRIN est alors ma\u00eetre d\u2019\u00e9cole.<br>Deux gar\u00e7ons ont pr\u00e9c\u00e9d\u00e9 la petite fille dans la famille&nbsp;: Jean \u00ab&nbsp;Joseph&nbsp;\u00bb et Pierre \u00ab&nbsp;Nicolas&nbsp;\u00bb. Ils ont alors six et trois ans et demi.<br>Huit autres fr\u00e8res et s\u0153urs suivront, mais parmi eux, seul Antoine parviendra \u00e0 l\u2019\u00e2ge adulte. Marguerite va sur ses 4 ans lorsqu\u2019il na\u00eet.<\/p>\n\n\n\n<p>Pierre, enseignant, a peut-\u00eatre appris \u00e0 lire et \u00e0 \u00e9crire \u00e0 Marguerite. En tout cas elle signe son acte de mariage le 29 novembre 1815. Sa m\u00e8re Jeanne BULARD, elle, ne sait pas signer.<\/p>\n\n\n\n<figure class=\"wp-block-image size-full\"><img loading=\"lazy\" decoding=\"async\" width=\"504\" height=\"120\" src=\"https:\/\/hdnfamillesgenealogie.fr\/wp-content\/uploads\/2021\/08\/Signature-PERRIN-Marguerite-archives_4_E_0428_000008_0110_C.jpg\" alt=\"\" class=\"wp-image-3863\" srcset=\"https:\/\/hdnfamillesgenealogie.fr\/wp-content\/uploads\/2021\/08\/Signature-PERRIN-Marguerite-archives_4_E_0428_000008_0110_C.jpg 504w, https:\/\/hdnfamillesgenealogie.fr\/wp-content\/uploads\/2021\/08\/Signature-PERRIN-Marguerite-archives_4_E_0428_000008_0110_C-300x71.jpg 300w\" sizes=\"auto, (max-width: 504px) 100vw, 504px\" \/><\/figure>\n\n\n\n<p>Sur le registre, le maire de Ville-sur-Terre mentionne que le mari\u00e9, Jean \u00ab&nbsp;Louis&nbsp;\u00bb JEANNESSON, l\u2019\u00e9mouleur, ne d\u00e9pend pas des autorit\u00e9s militaires. Pour preuve, un certificat provisoire d\u2019exemption a \u00e9t\u00e9 d\u00e9livr\u00e9 \u00e0 Jean Louis par le conseil d\u2019examen du d\u00e9partement de la Meuse.<br>C\u2019est vrai, Jean Louis est originaire de la Meuse, de Louppy-Le Ch\u00e2teau. Il y est encore domicili\u00e9 en 1815.<br>Pour son mariage, ses parents n\u2019ont pas fait le d\u00e9placement et ils ont donn\u00e9 leur consentement par procuration, sign\u00e9e devant un notaire de Bar-Le-Duc.<br>Bien s\u00fbr la famille de Marguerite est pr\u00e9sente puisque les noces ont lieu \u00e0 Ville-sur-Terre. Ils sont tous r\u00e9unis&nbsp;: Pierre, le p\u00e8re, Jeanne, la m\u00e8re, tous les parents et amis. Jean \u00ab&nbsp;Joseph&nbsp;\u00bb, le fr\u00e8re a\u00een\u00e9, est t\u00e9moin.<br>Situons leur mariage dans l\u2019histoire&nbsp;: en juin 1815, Napol\u00e9on a \u00e9t\u00e9 d\u00e9fait \u00e0 Waterloo. Le trait\u00e9 de Paris, sign\u00e9 le 20 novembre 1815, quelques jours avant le mariage de Marguerite et Jean \u00ab&nbsp;Louis&nbsp;\u00bb, organise le retrait des troupes alli\u00e9es sur les d\u00e9partements frontaliers. Les communes de l\u2019Aube et de la Haute-Marne vont subir l\u2019occupation de troupes \u00e9trang\u00e8res durant trois ans encore.<\/p>\n\n\n\n<p>Mais restons avec Marguerite PERRIN. Comme pour ses parents, elle devait se marier rapidement. A vingt ans, six mois apr\u00e8s ses noces, la jeune femme met au monde son premier enfant, une petite C\u00e9l\u00e9nie JEANNESSON, le 3 juin 1816.<br>SI la mortalit\u00e9 infantile a baiss\u00e9 d\u00e8s la fin de l\u2019ancien r\u00e9gime, les petites vies restent fragiles et pour C\u00e9l\u00e9nie, le malheureux adage est de mise, \u00ab&nbsp;Dieu a donn\u00e9, Dieu a repris&nbsp;\u00bb. La petite ne vit que vingt-sept jours.<\/p>\n\n\n\n<p>Apr\u00e8s leur mariage, le jeune couple s\u2019\u00e9tait install\u00e9 \u00e0 Bar-sur-Aube , mais quelques mois plus tard, il d\u00e9m\u00e9nage pour Ville-sur-Terre, o\u00f9 Marguerite PERRIN mettra au monde ses six autres enfants&nbsp;:<br>&#8211; Joseph \u00ab&nbsp;On\u00e9sime&nbsp;\u00bb n\u00e9 en 1817.<br>&#8211; Marie C\u00e9l\u00e9nie n\u00e9e en 1818.<br>&#8211; Jacques Isidore n\u00e9 en 1820.<br>&#8211; Marie L\u00e9ony n\u00e9e en 1823.<br>&#8211; Joseph Silas n\u00e9 en 1825.<br>&#8211; Th\u00e9r\u00e8se Aline n\u00e9e en 1827.<\/p>\n\n\n\n<p>Plus trace de Marie L\u00e9ony et de Th\u00e9r\u00e8se Aline dans les actes d\u2019\u00e9tat civil apr\u00e8s leur naissance, ou du moins je ne les ai retrouv\u00e9es ni \u00e0 Ville, ni \u00e0 Tr\u00e9milly.<br>Les deux plus jeunes gar\u00e7ons ne vivent que quelques semaines.<br>Puis la vie suit son cours et s\u2019achemine vers l\u2019\u00e9t\u00e9 funeste de 1832.<\/p>\n\n\n\n<p>Marguerite parcourt les six kilom\u00e8tres qui s\u00e9parent Ville de Tr\u00e9milly.<br>A pied sans doute. Elle n\u2019est pas \u00e0 l\u2019aise financi\u00e8rement, c\u2019est le moins qu\u2019on puisse dire.<br>Ses enfants l\u2019accompagnent peut-\u00eatre&nbsp;? Ou bien restent-ils avec la grand-m\u00e8re Jeanne&nbsp;? Est-elle d\u00e9j\u00e0 malade quand elle se rend chez Jean \u00ab&nbsp;Joseph&nbsp;\u00bb&nbsp;? Ressent-elle des sympt\u00f4mes&nbsp;? La maladie est silencieuse ou presque dans 80% des cas, mais, sans traitement, la mort survient en un \u00e0 trois jours.<\/p>\n\n\n\n<p>Marguerite s\u2019\u00e9teint le 23 ao\u00fbt 1832. Elle laisse de jeunes enfants.<br>Joseph \u00ab&nbsp;On\u00e9sime va sur ses quinze ans. Marie C\u00e9l\u00e9nie a plus de treize ans.<br>Si elles sont encore en vie, Marie L\u00e9onie et Th\u00e9r\u00e8se Aline ont respectivement neuf et cinq ans.<br>Sans doute les ain\u00e9s sont plac\u00e9s en apprentissage ou comme domestique. Je vous l\u2019ai dit, Marguerite n\u2019est pas riche, au point que la commune de Ville-sur-Terre d\u00e9livrera un certificat d\u2019indigence le 9 avril 1834.<\/p>\n\n\n\n<p>Mais o\u00f9 est Jean \u00ab&nbsp;Louis&nbsp;\u00bb JEANNESSON en 1832&nbsp;? Aucune trace de lui depuis cinq ans d\u00e9j\u00e0. Il est absent lors de la naissance de leur derni\u00e8re fille.<br>Je ne le retrouve qu\u2019en mars 1841, puis mars 1844, \u00e0 Rouen (Seine-Maritime).<br>Il y r\u00e9side 123 rue Saint-Vivien. Il est toujours \u00e9mouleur, comme on le dit \u00e0 Ville-sur-Terre, mais \u00e0 Rouen, on le dit coutelier.<\/p>\n\n\n\n<p><br>Et la vie a suivi son cours pour les JEANNESSON.<br>Marie \u00ab&nbsp;C\u00e9l\u00e9nie&nbsp;\u00bb se marie \u00e0 Ville-sur-Terre en 1841 avec Nicolas \u00ab&nbsp;Joseph&nbsp;\u00bb PRIGNOT. Joseph \u00ab&nbsp;On\u00e9sime&nbsp;\u00bb en fait de m\u00eame en 1844, avec Louise Lib\u00e8re HARDOUIN. Leur p\u00e8re r\u00e9dige, \u00e0 ces occasions et devant notaires, \u00e0 Rouen, un brevet d\u2019agr\u00e9ment. Jean \u00ab&nbsp;Louis&nbsp;\u00bb n\u2019est pas seul l\u00e0-bas, son jeune fr\u00e8re Jean Denis JEANNESSON (1804-1851) s\u2019y est aussi install\u00e9. Il s\u2019y est mari\u00e9 en 1843, avec son fr\u00e8re et son neveu comme t\u00e9moins.<\/p>\n\n\n\n<p>A leur tour les deux enfants de Marguerite PERRIN auront une descendance. Marie \u00ab&nbsp;C\u00e9l\u00e9nie&nbsp;\u00bb restera \u00e0 Ville-sur-Terre. Joseph \u00ab&nbsp;On\u00e9sime&nbsp;\u00bb ira s\u2019installer \u00e0 Paris, o\u00f9 il sera employ\u00e9 par l\u2019h\u00f4pital Lariboisi\u00e8re.<br>Pass\u00e9e la terrible \u00e9pid\u00e9mie de cet \u00e9t\u00e9 1832, les craintes se sont apais\u00e9es. Les familles sont loin d\u2019imaginer en 1844 que dix ans plus tard elles devront de nouveau faire face au fl\u00e9au du chol\u00e9ra.<\/p>\n\n\n\n<p>Mais n\u2019allons pas trop vite. Il nous reste \u00e0 d\u00e9couvrir comment les trois fr\u00e8res PERRIN, Jean \u00ab&nbsp;Joseph&nbsp;\u00bb, Pierre \u00ab&nbsp;Nicolas&nbsp;\u00bb et Antoine ont travers\u00e9 cette p\u00e9riode.<\/p>\n\n\n\n<figure class=\"wp-block-image size-large\"><img loading=\"lazy\" decoding=\"async\" width=\"1024\" height=\"726\" src=\"https:\/\/hdnfamillesgenealogie.fr\/wp-content\/uploads\/2021\/08\/Frise-fille-PERRIN-Marguerite-1024x726.png\" alt=\"\" class=\"wp-image-3865\" srcset=\"https:\/\/hdnfamillesgenealogie.fr\/wp-content\/uploads\/2021\/08\/Frise-fille-PERRIN-Marguerite-1024x726.png 1024w, https:\/\/hdnfamillesgenealogie.fr\/wp-content\/uploads\/2021\/08\/Frise-fille-PERRIN-Marguerite-300x213.png 300w, https:\/\/hdnfamillesgenealogie.fr\/wp-content\/uploads\/2021\/08\/Frise-fille-PERRIN-Marguerite-768x544.png 768w, https:\/\/hdnfamillesgenealogie.fr\/wp-content\/uploads\/2021\/08\/Frise-fille-PERRIN-Marguerite.png 1115w\" sizes=\"auto, (max-width: 1024px) 100vw, 1024px\" \/><figcaption class=\"wp-element-caption\">R\u00e9alis\u00e9 avec Frisechronos &#8211; Ao\u00fbt 2021<\/figcaption><\/figure>\n\n\n\n<p class=\"has-small-font-size\"><em>Sources&nbsp;:<br>Archives de la Haute-Marne et de l\u2019Aube.<br>JJ Simonneau Les Haut-Marnais, la mis\u00e8re et les \u00e9pid\u00e9mies de chol\u00e9ra Racines Haut-Marnaises n\u00b040 -4<sup>\u00e8me<\/sup> trimestre 2001<br>Bourdelais Patrice, Demonet Michel, Raulot Jean-Yves. La marche du chol\u00e9ra en France : 1832-1854. In : Annales. Economies, soci\u00e9t\u00e9s, civilisations. 33\u1d49 ann\u00e9e, N. 1, 1978. pp. 125-142 (<a href=\"https:\/\/www.persee.fr\/doc\/ahess_0395-2649_1978_num_33_1_293912\">https:\/\/www.persee.fr\/doc\/ahess_0395-2649_1978_num_33_1_293912<\/a> ).<br>Sant\u00e9 publique France, chol\u00e9ra <a href=\"https:\/\/www.santepubliquefrance.fr\/maladies-et-traumatismes\/maladies-infectieuses-d-origine-alimentaire\/cholera\">https:\/\/www.santepubliquefrance.fr\/maladies-et-traumatismes\/maladies-infectieuses-d-origine-alimentaire\/cholera<\/a><\/em><\/p>\n\n\n\n<figure class=\"wp-block-table\"><table><tbody><tr><td><a><strong>Famille PERRIN, une autre \u00e9pid\u00e9mie<\/strong><\/a><\/td><\/tr><tr><td>Les pr\u00e9sentations<\/td><td><a href=\"https:\/\/histoiresdenosfamilles.wordpress.com\/2021\/07\/26\/famille-perrin-une-autre-epidemie\/\">Par ici<\/a><\/td><\/tr><tr><td>Les parents, Pierre PERRIN et Jeanne BULARD<\/td><td><a href=\"https:\/\/histoiresdenosfamilles.wordpress.com\/2021\/07\/31\/famille-perrin-une-autre-epidemie-les-parents-pierre-perrin-et-jeanne-bulard\/\">Cliquez ici<\/a><\/td><\/tr><tr><td>La fille, Marguerite PERRIN \u2013 Ville-Sur-Terre<\/td><td>Vous y \u00eates<\/td><\/tr><tr><td><a>L\u2019ain\u00e9, Jean \u00ab&nbsp;Joseph&nbsp;\u00bb PERRIN &#8211; Tr\u00e9milly<\/a><\/td><td><a href=\"https:\/\/histoiresdenosfamilles.wordpress.com\/2021\/12\/18\/triste-rendez-vous\/\" target=\"_blank\" rel=\"noreferrer noopener\">Par ici<\/a><\/td><\/tr><tr><td><a>Le benjamin, Antoine PERRIN<\/a><\/td><td><a href=\"https:\/\/histoiresdenosfamilles.wordpress.com\/2021\/09\/12\/famille-perrin-une-autre-epidemie-antoine-perrin-le-benjamin\/\" target=\"_blank\" rel=\"noreferrer noopener\">Par l\u00e0<\/a><\/td><\/tr><tr><td>Le cadet, Pierre \u00ab&nbsp;Nicolas&nbsp;\u00bb PERRIN \u2013 Cirey-Sur-Blaise<\/td><td>Bient\u00f4t<\/td><\/tr><\/tbody><\/table><\/figure>\n","protected":false},"excerpt":{"rendered":"<p>Marguerite PERRIN et sa m\u00e8re Jeanne BULARD sont toutes deux d\u00e9c\u00e9d\u00e9es du chol\u00e9ra pendant l\u2019\u00e9t\u00e9 1832. Comment l\u2019\u00e9pid\u00e9mie a-t-elle gagn\u00e9 les confins de l\u2019Aube et de la Haute-Marne&nbsp;?Venus d\u2019Angleterre, les premiers cas seraient apparus sur le littoral de la Manche en d\u00e9cembre 1831. Puis en f\u00e9vrier-mars 1832, la commission sanitaire de Bar-Le-Duc en signale en&hellip; <a class=\"more-link\" href=\"https:\/\/hdnfamillesgenealogie.fr\/index.php\/2021\/08\/07\/famille-perrin-une-autre-epidemie-la-fille-marguerite-perrin-ville-sur-terre\/\">Poursuivre la lecture <span class=\"screen-reader-text\">Famille PERRIN, une autre \u00e9pid\u00e9mie : La fille, Marguerite PERRIN \u2013 Ville-Sur-Terre<\/span><\/a><\/p>\n","protected":false},"author":1,"featured_media":0,"comment_status":"open","ping_status":"open","sticky":false,"template":"","format":"standard","meta":{"advanced_seo_description":"","jetpack_seo_html_title":"","jetpack_seo_noindex":false,"jetpack_post_was_ever_published":false,"_jetpack_newsletter_access":"","_jetpack_dont_email_post_to_subs":false,"_jetpack_newsletter_tier_id":0,"_jetpack_memberships_contains_paywalled_content":false,"_jetpack_memberships_contains_paid_content":false,"footnotes":""},"categories":[2,10,16],"tags":[],"class_list":["post-870","post","type-post","status-publish","format-standard","hentry","category-cg52","category-haute-marne","category-porte","entry"],"jetpack_featured_media_url":"","jetpack_sharing_enabled":true,"_links":{"self":[{"href":"https:\/\/hdnfamillesgenealogie.fr\/index.php\/wp-json\/wp\/v2\/posts\/870","targetHints":{"allow":["GET"]}}],"collection":[{"href":"https:\/\/hdnfamillesgenealogie.fr\/index.php\/wp-json\/wp\/v2\/posts"}],"about":[{"href":"https:\/\/hdnfamillesgenealogie.fr\/index.php\/wp-json\/wp\/v2\/types\/post"}],"author":[{"embeddable":true,"href":"https:\/\/hdnfamillesgenealogie.fr\/index.php\/wp-json\/wp\/v2\/users\/1"}],"replies":[{"embeddable":true,"href":"https:\/\/hdnfamillesgenealogie.fr\/index.php\/wp-json\/wp\/v2\/comments?post=870"}],"version-history":[{"count":4,"href":"https:\/\/hdnfamillesgenealogie.fr\/index.php\/wp-json\/wp\/v2\/posts\/870\/revisions"}],"predecessor-version":[{"id":3866,"href":"https:\/\/hdnfamillesgenealogie.fr\/index.php\/wp-json\/wp\/v2\/posts\/870\/revisions\/3866"}],"wp:attachment":[{"href":"https:\/\/hdnfamillesgenealogie.fr\/index.php\/wp-json\/wp\/v2\/media?parent=870"}],"wp:term":[{"taxonomy":"category","embeddable":true,"href":"https:\/\/hdnfamillesgenealogie.fr\/index.php\/wp-json\/wp\/v2\/categories?post=870"},{"taxonomy":"post_tag","embeddable":true,"href":"https:\/\/hdnfamillesgenealogie.fr\/index.php\/wp-json\/wp\/v2\/tags?post=870"}],"curies":[{"name":"wp","href":"https:\/\/api.w.org\/{rel}","templated":true}]}}