{"id":978,"date":"2021-09-12T19:17:30","date_gmt":"2021-09-12T17:17:30","guid":{"rendered":"https:\/\/histoiresdenosfamilles.wordpress.com\/?p=978"},"modified":"2026-01-28T08:38:12","modified_gmt":"2026-01-28T07:38:12","slug":"famille-perrin-une-autre-epidemie-antoine-perrin-le-benjamin","status":"publish","type":"post","link":"https:\/\/hdnfamillesgenealogie.fr\/index.php\/2021\/09\/12\/famille-perrin-une-autre-epidemie-antoine-perrin-le-benjamin\/","title":{"rendered":"Famille Perrin, une autre \u00e9pid\u00e9mie\u00a0: Antoine Perrin, le benjamin"},"content":{"rendered":"\n<p>Antoine est le plus jeune des enfants de Pierre Perrin et Jeanne Bulard qui soit parvenu \u00e0 l\u2019\u00e2ge adulte. Il est aussi le seul \u00e0 ne pas avoir v\u00e9cu l\u2019\u00e9pid\u00e9mie de chol\u00e9ra.<br>Pourtant il ne semble pas possible de passer sa courte vie sous silence, car il a v\u00e9cu un \u00e9pisode singulier de l\u2019histoire de France.<\/p>\n\n\n\n<p>Antoine Perrin na\u00eet le 3 f\u00e9vrier 1793 \u00e0 Tr\u00e9milly (Haute-Marne). Il est le septi\u00e8me enfant que Jeanne met au monde. Son p\u00e8re, Pierre d\u00e9clare sa naissance \u00e0 la mairie. Il est accompagn\u00e9 de Fran\u00e7ois Thi\u00e9blemont et de Louis Barnab\u00e9 Verrat, ma\u00e7on. Pas de mention du parrain et de la marraine puisque l\u2019\u00e9tat civil a \u00e9t\u00e9 confi\u00e9 aux communes quelques mois plus t\u00f4t. Pierre Perrin a alors trente-deux ans, il est recteur d\u2019\u00e9cole \u00e0 Tr\u00e9milly.<br>Louis Geant, membre du Conseil g\u00e9n\u00e9ral de la commune, qui enregistre la naissance d\u2019Antoine, indique que le b\u00e9b\u00e9 na\u00eet en l\u2019an II de la R\u00e9publique. \u00c9tonnant, pourquoi un m\u00e9lange de calendrier gr\u00e9gorien et r\u00e9publicain&nbsp;? En fait, c&rsquo;est seulement le 5 octobre 1793 (le 14 vend\u00e9miaire an II) que la Convention fait d\u00e9buter de l\u2019\u00e8re r\u00e9publicaine le 22 septembre 1792, jour de la proclamation de la R\u00e9publique.<\/p>\n\n\n\n<p>Comment se d\u00e9roule l\u2019enfance d\u2019Antoine Perrin? Je n\u2019en ai qu\u2019une vague id\u00e9e. Apr\u00e8s sa naissance, la famille aurait pu s\u2019agrandir encore. Quatre filles et deux gar\u00e7ons viennent encore au monde mais d\u00e9c\u00e8dent en bas \u00e2ge.<\/p>\n\n\n\n<p>Sur le terrain politique, l\u2019enfance d\u2019Antoine se d\u00e9roule en des temps tr\u00e8s perturb\u00e9s.<br>Quelques jours avant sa naissance, le 21 janvier 1793, Louis XVI est guillotin\u00e9 place de la R\u00e9volution, future place de la Concorde.<br>Deux mois plus tard, en mars, le m\u00e9contentement gronde en France quand la Convention d\u00e9cide d\u2019une lev\u00e9e de 300&nbsp;000 hommes pour renforcer les effectifs des arm\u00e9es r\u00e9publicaines.<br>Fin juillet 1794, la petite s\u0153ur, Edm\u00e9e Ang\u00e9lique, va sur ses trois mois, la Terreur prend fin, Robespierre est guillotin\u00e9 \u00e0 son tour.<\/p>\n\n\n\n<p>23 septembre 1795, une nouvelle constitution est adopt\u00e9e. C\u2019en est fini du suffrage universel, des r\u00e9f\u00e9rences aux droits au travail, \u00e0 l\u2019assistance et \u00e0 l\u2019instruction. Le Directoire est install\u00e9 un mois plus tard.<br>Pierre Perrin n\u2019est plus recteur d\u2019\u00e9cole, il a repris son premier m\u00e9tier de tonnelier. Il est vrai que la p\u00e9riode est difficile pour l\u2019enseignement scolaire. Les instituteurs sont r\u00e9tribu\u00e9s par les familles et les communes peuvent exempter les enfants d\u2019\u00e9cole, pour cause d\u2019indigence.<br>Un nouveau gar\u00e7on arrive chez les Perrin, cet automne-l\u00e0. Charles Joseph ne vit qu\u2019une semaine.<\/p>\n\n\n\n<p>En octobre 1796, Antoine n\u2019a pas encore quatre ans quand na\u00eet une nouvelle petite s\u0153ur, Jeanne Jos\u00e9phine. Les guerres de Vend\u00e9e sont termin\u00e9es depuis cinq mois, et ce sont maintenant les monarchies europ\u00e9ennes qui font la guerre \u00e0 la France R\u00e9publicaine.<br>Napol\u00e9on Bonaparte est en Italie, il remporte des victoires et devient tr\u00e8s populaire. Apr\u00e8s la Campagne d\u2019\u00c9gypte, il rentre en France et prend le pouvoir le 18 Brumaire An VIII (9 novembre 1799).<\/p>\n\n\n\n<p>Juillet 1801, le trait\u00e9 de concordat est sign\u00e9 \u00e0 Paris par les repr\u00e9sentants du Premier consul et du pape Pie VII. Il organise les relations entre l\u2019\u00c9glise catholique et l\u2019\u00c9tat et la pratique des cultes. Jusqu\u2019en 1905, archev\u00eaques et \u00e9v\u00eaques seront nomm\u00e9s par le gouvernement.<br>Antoine est de nouveau le dernier enfant de la famille, quand en d\u00e9cembre, Jeanne Bulard accouche d\u2019une petite Marie Louise, le 13 frimaire an X (4 d\u00e9cembre 1801).<br>Sur l&rsquo;\u00e9tat-civil, on ne retrouve que la naissance de la petite Marie Louise Perrin.<br>Quand son p\u00e8re, Pierre, la d\u00e9clare en mairie, il est charpentier. Un nouveau changement de m\u00e9tier pour l\u2019homme de quarante et un ans.<br>Jeanne n\u2019est plus toute jeune, la quarantaine comme son mari. Pourtant elle met encore au monde deux enfants, Nicolas Martin* en mai 1803, puis <a>Ad\u00e9la\u00efde Genevi\u00e8ve Jos\u00e9phine<\/a> en novembre 1804.<\/p>\n\n\n\n<p>A la naissance de cette derni\u00e8re fille, les ain\u00e9s ont respectivement&nbsp;: vingt et un ans pour Jean Joseph&nbsp;; dix-neuf ans pour Pierre Nicolas&nbsp;; quinze ans pour Marguerite.<br>Antoine, lui, a onze ans et neuf mois. Accompagne-t-il son p\u00e8re pour d\u00e9clarer la petite derni\u00e8re&nbsp;? Un d\u00e9nomm\u00e9 Antoine Perrin, manouvrier, est not\u00e9 comme premier t\u00e9moin. Le second est <a>Ad\u00e9la\u00efde Genevi\u00e8ve Jos\u00e9phine <\/a>Chevillot, sans doute la marraine, mais il ne serait pas de bon ton de l\u2019\u00e9crire sur le registre.<br>Se pourrait-il qu\u2019Antoine soit le parrain de sa petite s\u0153ur&nbsp;? Qu\u2019il travaille d\u00e9j\u00e0 n\u2019est pas \u00e9tonnant. La premi\u00e8re loi qui fixe l\u2019\u00e2ge minimum du travail \u00e0 huit ans date de 1841.<\/p>\n\n\n\n<p>Antoine n\u2019a certainement pas suivi tous les \u00e9v\u00e9nements politiques qui ont jalonn\u00e9 son enfance. Mais peut-\u00eatre a-t-il eu connaissance de celui du 2 d\u00e9cembre 1804, quelques jours apr\u00e8s la naissance de cette \u00e9ph\u00e9m\u00e8re petite s\u0153ur**&nbsp;: Napol\u00e9on est sacr\u00e9 empereur \u00e0 Paris.<\/p>\n\n\n\n<p>Fin des naissances pour la famille de Pierre Perrin et Jeanne Bulard, le temps des mariages est venu. En tant qu\u2019a\u00een\u00e9, c\u2019est bien s\u00fbr Jean \u00ab&nbsp;Joseph&nbsp;\u00bb qui commence, et \u00e9pouse Madeleine Th\u00e9r\u00e8se Jacquinet, en janvier 1805, \u00e0 Tr\u00e9milly. Antoine prend vite du galon et devient l\u2019oncle d\u2019une petite Marguerite Jos\u00e9phine en mai 1806. Ce m\u00eame jour, une couronne imp\u00e9riale est ajout\u00e9e \u00e0 l&rsquo;insigne de la L\u00e9gion d&rsquo;honneur.<\/p>\n\n\n\n<p>1809, Antoine a seize ans, il accompagne son fr\u00e8re Jean \u00ab&nbsp;Joseph&nbsp;\u00bb pour d\u00e9clarer le d\u00e9c\u00e8s de son neveu Nicolas Prosper. Heureusement il sera aussi le t\u00e9moin de moments plus heureux, comme le mariage de son fr\u00e8re Pierre \u00ab&nbsp;Nicolas&nbsp;\u00bb \u00e0 Cirey-sur-Blaise, fin novembre 1810. Quelques semaines plus t\u00f4t, Napol\u00e9on a averti le s\u00e9nat que l\u2019imp\u00e9ratrice Marie-Louise attendait un enfant.<\/p>\n\n\n\n<p>Et puis voil\u00e0 qu\u2019Antoine est cit\u00e9 comme t\u00e9moin de la naissance d\u2019une autre ni\u00e8ce. Une autre Marie Louise, mais, son pr\u00e9nom usuel est Eulalie&nbsp;: Marie Louise \u00ab&nbsp;Eulalie&nbsp;\u00bb Perrin (1811-1884), ma Sosa 39.<\/p>\n\n\n\n<figure class=\"wp-block-image size-full\"><img loading=\"lazy\" decoding=\"async\" width=\"783\" height=\"215\" src=\"https:\/\/hdnfamillesgenealogie.fr\/wp-content\/uploads\/2021\/09\/AD52-EDepot-14926-Signatures-N-Perrin-Marie-Louise-Eulalie_Capture-decran-2026-01-26.png\" alt=\"\" class=\"wp-image-3867\" srcset=\"https:\/\/hdnfamillesgenealogie.fr\/wp-content\/uploads\/2021\/09\/AD52-EDepot-14926-Signatures-N-Perrin-Marie-Louise-Eulalie_Capture-decran-2026-01-26.png 783w, https:\/\/hdnfamillesgenealogie.fr\/wp-content\/uploads\/2021\/09\/AD52-EDepot-14926-Signatures-N-Perrin-Marie-Louise-Eulalie_Capture-decran-2026-01-26-300x82.png 300w, https:\/\/hdnfamillesgenealogie.fr\/wp-content\/uploads\/2021\/09\/AD52-EDepot-14926-Signatures-N-Perrin-Marie-Louise-Eulalie_Capture-decran-2026-01-26-768x211.png 768w\" sizes=\"auto, (max-width: 783px) 100vw, 783px\" \/><figcaption class=\"wp-element-caption\">Signatures des fr\u00e8res Perrin, Nicolas, Antoine et Joseph, au bas de l\u2019acte de naissance de<br>Marie Louise Eulalie Perrin<br>Capture d\u2019\u00e9cran du 26\/01\/2026 AD52_Edepot14926_01<br><\/figcaption><\/figure>\n\n\n\n<p>Oh&nbsp;! Erreur sur le registre d\u2019\u00e9tat civil&nbsp;: &nbsp;Antoine n\u2019a pas vingt et un ans comme le note le maire, mais seulement dix-huit.<br>Voil\u00e0 une mention erron\u00e9e, qui am\u00e8ne beaucoup de questions sur les derni\u00e8res ann\u00e9es de vie d&rsquo;Antoine. Le jeune homme est d\u00e9c\u00e9d\u00e9 le 9 janvier 1814 \u00e0 Vaucouleurs (Meuse). Il \u00e9tait alors soldat de l\u2019Empire. J\u2019ai bien retrouv\u00e9 son acte de d\u00e9c\u00e8s dans les archives de la Meuse et l\u2019extrait mortuaire transmis \u00e0 Tr\u00e9milly, mais entre l\u2019acte de naissance de sa ni\u00e8ce et ces documents, tout n\u2019est que flou et suppositions.<\/p>\n\n\n\n<p>Reprenons. Mars 1811, Antoine a dix-huit ans et le maire de Tr\u00e9milly le vieillit de trois ans. Est-ce \u00e0 dire qu\u2019il s\u2019est d\u00e9j\u00e0 enr\u00f4l\u00e9 volontairement dans l\u2019arm\u00e9e&nbsp;? Ou bien qu\u2019il figurait par erreur sur la liste des conscrits&nbsp;?<br>La conscription est mise en place en 1798 (loi Jourdan-Delbrel) puis rationalis\u00e9e en 1804 par le d\u00e9cret imp\u00e9rial du 8 niv\u00f4se an XIII.<br>Le gouvernement fixe chaque ann\u00e9e les besoins en hommes pour chaque d\u00e9partement, qui r\u00e9partit ensuite les conscrits entre arrondissements et cantons.<br>Le maire dresse la liste des conscrits. Le tirage au sort a lieu au chef-lieu de canton. Puis, la liste d\u00e9partementale est \u00e9tablie.<br>Le conseil de recrutement se tient alors en public et en pr\u00e9sence du pr\u00e9fet et de repr\u00e9sentants militaires. Il se prononce sur les cas de dispense, de r\u00e9forme et d\u2019exemption. Enfin, la liste d\u00e9finitive classe les hommes en six cat\u00e9gories&nbsp;: exempt\u00e9s, ajourn\u00e9s, fraudeurs, absents, d\u00e9tenus et bons pour le service. A huis clos, le conseil r\u00e9alise des substitutions pour que le d\u00e9partement respecte dans tous les cas son contingent.<br>On proc\u00e8de au tirage au sort&nbsp;; tirer le bon num\u00e9ro, c\u2019est \u00e9chapper au service&nbsp;: plus le nombre est grand, mieux c\u2019est.<\/p>\n\n\n\n<p>Engag\u00e9 volontaire ou conscrit, le r\u00e9sultat est le m\u00eame pour Antoine, il part. Est-il imm\u00e9diatement incorpor\u00e9 comme \u00ab&nbsp;fusilier au premier R\u00e9giment d\u2019Infanterie de ligne, premier Bataillon, premi\u00e8re Compagnie&nbsp;\u00bb&nbsp;? Il ne figure pas sur les registres matricules des soldats napol\u00e9oniens.<br>Il part en uniforme bleu national, pantalon et gu\u00eatres, chaussures \u00e0 semelles clout\u00e9es, sans distinction entre pied droit et gauche. Il porte sur le dos un havresac, sorte de gros cartable qui contient tout son barda. Il a aussi son long fusil, \u00e9quip\u00e9 d\u2019une ba\u00efonnette et la giberne pour les munitions. Le tout p\u00e8se vingt \u00e0 trente kilos.<\/p>\n\n\n\n<figure class=\"wp-block-image size-large\"><img loading=\"lazy\" decoding=\"async\" width=\"700\" height=\"1024\" src=\"https:\/\/hdnfamillesgenealogie.fr\/wp-content\/uploads\/2021\/09\/Napoleon_Ier_et_la_garde_.Fieffe_Eugene_bpt6k65179214_48-700x1024.jpeg\" alt=\"\" class=\"wp-image-3870\" srcset=\"https:\/\/hdnfamillesgenealogie.fr\/wp-content\/uploads\/2021\/09\/Napoleon_Ier_et_la_garde_.Fieffe_Eugene_bpt6k65179214_48-700x1024.jpeg 700w, https:\/\/hdnfamillesgenealogie.fr\/wp-content\/uploads\/2021\/09\/Napoleon_Ier_et_la_garde_.Fieffe_Eugene_bpt6k65179214_48-205x300.jpeg 205w, https:\/\/hdnfamillesgenealogie.fr\/wp-content\/uploads\/2021\/09\/Napoleon_Ier_et_la_garde_.Fieffe_Eugene_bpt6k65179214_48.jpeg 750w\" sizes=\"auto, (max-width: 700px) 100vw, 700px\" \/><figcaption class=\"wp-element-caption\">Fusiliers dessin de Raffet, issu de Fieff\u00e9 Eug\u00e8ne, Napol\u00e9on Ier et la grade imp\u00e9riale, 1859,<br>Gallica \u2013 BNF, Consultation du 27\/01\/2026<\/figcaption><\/figure>\n\n\n\n<p>D\u00e9cembre 1813, la campagne de France d\u00e9bute. Les forces de coalition sont bien sup\u00e9rieures en nombre \u00e0 l\u2019arm\u00e9e fran\u00e7aise.<br>Elles franchissent le Rhin.<\/p>\n\n\n\n<p>Antoine Perrin est hospitalis\u00e9 \u00e0 Toul. On l\u2019\u00e9vacue, avec d\u2019autres camarades d\u2019infortune. Il a la fi\u00e8vre, et c&rsquo;est trop tard, il meurt dans la voiture qui le conduit \u00e0 l\u2019hospice de Vaucouleurs.<\/p>\n\n\n\n<p>Quelle fi\u00e8vre a tu\u00e9 ce jeune homme&nbsp;? A-t-il \u00e9t\u00e9 victime du typhus qui a s\u00e9vi alors&nbsp;? Il a fallu quatre-cent pages au chevalier J.R.L. de Kerckhove pour retracer \u00ab&nbsp;l\u2019Histoire des maladies observ\u00e9es \u00e0 la Grande Arm\u00e9e Fran\u00e7aise pendant les campagnes de Russie en 1812 et d\u2019Allemagne en 1813&nbsp;\u00bb. Jusqu\u2019au XXe si\u00e8cle, les maladies ont tu\u00e9 plus de soldats que les armes.<\/p>\n\n\n\n<p>Une derni\u00e8re interrogation&nbsp;subsiste : le jeune homme est d\u00e9c\u00e9d\u00e9 entre Toul et Vaucouleurs, le 9 janvier 1814, \u00e0 quatre-vingts kilom\u00e8tres de sa famille, et pourtant l\u2019extrait mortuaire du registre de Tr\u00e9milly est dat\u00e9 du 1<sup>er<\/sup> septembre 1817.<br>Ses proches n\u2019auraient-ils appris son d\u00e9c\u00e8s qu\u2019\u00e0 ce moment-l\u00e0&nbsp;? Esp\u00e9rons que cet extrait a plut\u00f4t servi, comme c\u2019est l\u2019usage, \u00e0 r\u00e9pondre aux demandes administratives.<\/p>\n\n\n\n<p class=\"has-small-font-size\"><em>* Pierre Perrin et Jeanne Bulard ont eu quatorze enfants.<br>** Ad\u00e9la\u00efde Genevi\u00e8ve Jos\u00e9phine PERRIN est d\u00e9c\u00e9d\u00e9e le lendemain de sa naissance.<\/em><\/p>\n\n\n\n<p class=\"has-small-font-size\">Source&nbsp;:<br>&#8211; Calendrier gr\u00e9gorien et calendrier r\u00e9publicain avec conversion <a href=\"http:\/\/www.poissons52.fr\">www.poissons52.fr<\/a><br><a href=\"http:\/\/www.le-temps-des-instituteurs.fr\">Le temps des instituteurs<\/a><br>&#8211; Directoire, guerre de Vend\u00e9e, r\u00e9gime concordataire fran\u00e7ais <a href=\"http:\/\/www.wikipedia.org\">www.wikipedia.org<\/a><br>&#8211; Napol\u00e9on &amp; Empire, De Bonaparte \u00e0 Napol\u00e9on Ier <a href=\"https:\/\/www.napoleon-empire.net\/\">https:\/\/www.napoleon-empire.net\/<\/a><br>&#8211; Retrouver un anc\u00eatre soldat de la R\u00e9volution ou de l\u2019Empire, J\u00e9r\u00f4me Malhache, Guides de g\u00e9n\u00e9alogie, Archives et Culture<br>&#8211; Le paquetage du fantassin napol\u00e9onien, Fran\u00e7ois Houdecek <a href=\"https:\/\/www.napoleon.org\/histoire-des-2-empires\/articles\/le-paquetage-du-fantassin-napoleonien\/\">https:\/\/www.napoleon.org\/histoire-des-2-empires\/articles\/le-paquetage-du-fantassin-napoleonien\/<\/a><br>&#8211; <a href=\"https:\/\/fr.wikipedia.org\/w\/index.php?title=Campagne_de_France_(1814)&amp;oldid=181987274\">Campagne de France (1814)<\/a>, Wikip\u00e9dia<\/p>\n\n\n\n<figure class=\"wp-block-table\"><table><tbody><tr><td><strong>Famille PERRIN, une autre \u00e9pid\u00e9mie<\/strong><\/td><\/tr><tr><td>Les pr\u00e9sentations<\/td><td><a href=\"https:\/\/hdnfamillesgenealogie.fr\/index.php\/2021\/07\/26\/famille-perrin-une-autre-epidemie\/1\/07\/26\/famille-perrin-une-autre-epidemie\/\">Par ici<\/a><\/td><\/tr><tr><td>Les parents, Pierre PERRIN et Jeanne BULARD<\/td><td><a href=\"https:\/\/hdnfamillesgenealogie.fr\/index.php\/2021\/07\/31\/famille-perrin-une-autre-epidemie-les-parents-pierre-perrin-et-jeanne-bulard\/\">Cliquez ici<\/a><\/td><\/tr><tr><td>La fille, Marguerite PERRIN \u2013 Ville-Sur-Terre<\/td><td><a href=\"https:\/\/hdnfamillesgenealogie.fr\/index.php\/2021\/08\/07\/famille-perrin-une-autre-epidemie-la-fille-marguerite-perrin-ville-sur-terre\/\">C\u2019est l\u00e0<\/a><\/td><\/tr><tr><td>L\u2019ain\u00e9, Jean \u00ab&nbsp;Joseph&nbsp;\u00bb PERRIN &#8211; Tr\u00e9milly<\/td><td><a href=\"https:\/\/hdnfamillesgenealogie.fr\/index.php\/2021\/12\/18\/triste-rendez-vous\/\" target=\"_blank\" rel=\"noreferrer noopener\">Ici<\/a><\/td><\/tr><tr><td>Le benjamin, Antoine PERRIN<\/td><td>Vous y \u00eates<\/td><\/tr><tr><td>Le cadet, Pierre \u00ab&nbsp;Nicolas&nbsp;\u00bb PERRIN \u2013 Cirey-Sur-Blaise<\/td><td>Bient\u00f4t<\/td><\/tr><\/tbody><\/table><\/figure>\n","protected":false},"excerpt":{"rendered":"<p>Antoine est le plus jeune des enfants de Pierre Perrin et Jeanne Bulard qui soit parvenu \u00e0 l\u2019\u00e2ge adulte. Il est aussi le seul \u00e0 ne pas avoir v\u00e9cu l\u2019\u00e9pid\u00e9mie de chol\u00e9ra.Pourtant il ne semble pas possible de passer sa courte vie sous silence, car il a v\u00e9cu un \u00e9pisode singulier de l\u2019histoire de France.&hellip; <a class=\"more-link\" href=\"https:\/\/hdnfamillesgenealogie.fr\/index.php\/2021\/09\/12\/famille-perrin-une-autre-epidemie-antoine-perrin-le-benjamin\/\">Poursuivre la lecture <span class=\"screen-reader-text\">Famille Perrin, une autre \u00e9pid\u00e9mie\u00a0: Antoine Perrin, le benjamin<\/span><\/a><\/p>\n","protected":false},"author":1,"featured_media":0,"comment_status":"open","ping_status":"open","sticky":false,"template":"","format":"standard","meta":{"advanced_seo_description":"","jetpack_seo_html_title":"","jetpack_seo_noindex":false,"jetpack_post_was_ever_published":false,"_jetpack_newsletter_access":"","_jetpack_dont_email_post_to_subs":false,"_jetpack_newsletter_tier_id":0,"_jetpack_memberships_contains_paywalled_content":false,"_jetpack_memberships_contains_paid_content":false,"footnotes":""},"categories":[10,16],"tags":[],"class_list":["post-978","post","type-post","status-publish","format-standard","hentry","category-haute-marne","category-porte","entry"],"jetpack_featured_media_url":"","jetpack_sharing_enabled":true,"_links":{"self":[{"href":"https:\/\/hdnfamillesgenealogie.fr\/index.php\/wp-json\/wp\/v2\/posts\/978","targetHints":{"allow":["GET"]}}],"collection":[{"href":"https:\/\/hdnfamillesgenealogie.fr\/index.php\/wp-json\/wp\/v2\/posts"}],"about":[{"href":"https:\/\/hdnfamillesgenealogie.fr\/index.php\/wp-json\/wp\/v2\/types\/post"}],"author":[{"embeddable":true,"href":"https:\/\/hdnfamillesgenealogie.fr\/index.php\/wp-json\/wp\/v2\/users\/1"}],"replies":[{"embeddable":true,"href":"https:\/\/hdnfamillesgenealogie.fr\/index.php\/wp-json\/wp\/v2\/comments?post=978"}],"version-history":[{"count":8,"href":"https:\/\/hdnfamillesgenealogie.fr\/index.php\/wp-json\/wp\/v2\/posts\/978\/revisions"}],"predecessor-version":[{"id":3872,"href":"https:\/\/hdnfamillesgenealogie.fr\/index.php\/wp-json\/wp\/v2\/posts\/978\/revisions\/3872"}],"wp:attachment":[{"href":"https:\/\/hdnfamillesgenealogie.fr\/index.php\/wp-json\/wp\/v2\/media?parent=978"}],"wp:term":[{"taxonomy":"category","embeddable":true,"href":"https:\/\/hdnfamillesgenealogie.fr\/index.php\/wp-json\/wp\/v2\/categories?post=978"},{"taxonomy":"post_tag","embeddable":true,"href":"https:\/\/hdnfamillesgenealogie.fr\/index.php\/wp-json\/wp\/v2\/tags?post=978"}],"curies":[{"name":"wp","href":"https:\/\/api.w.org\/{rel}","templated":true}]}}